{"id":248659,"date":"2022-01-18T20:42:55","date_gmt":"2022-01-18T18:42:55","guid":{"rendered":"http:\/\/107.6.182.27\/tr\/?p=248659"},"modified":"2022-01-23T09:23:17","modified_gmt":"2022-01-23T07:23:17","slug":"4-ilde-3-000den-fazla-ev-icin-tahsis-oturumlarinin-baslamasi","status":"publish","type":"post","link":"https:\/\/archive.sana.sy\/tr\/?p=248659","title":{"rendered":"4 \u0130lde 3.000&#8217;den Fazla Ev \u0130\u00e7in Tahsis Oturumlar\u0131n\u0131n Ba\u015flamas\u0131"},"content":{"rendered":"<p style=\"text-align: justify;\">\u015eAM \u2013 Toplu Konut Kurumu bug\u00fcn bir dizi ildeki \u015fubelerinde gen\u00e7lik konut projeleri, konut tasarruflar\u0131 ve konut i\u00e7in h\u00fck\u00fcmet program\u0131nda 3.000&#8217;den fazla konut i\u00e7in tahsis oturumlar\u0131na ba\u015flad\u0131.<\/p>\n<p style=\"text-align: justify;\">Kurum taraf\u0131ndan yay\u0131nlanan beyanda, \u015eam k\u0131rsal\u0131nda 2.080 gen\u00e7lik konutu tahsis tarihi bug\u00fcnden 16 Mart&#8217;a kadar ve yar\u0131n \u00c7ar\u015famba g\u00fcn\u00fc Halep&#8217;te 633 gen\u00e7 konutu ve birikimi i\u00e7in ve 18 ve 19 Ocak g\u00fcnlerinde Homs&#8217;ta 160 gen\u00e7 konutu ve birikimi i\u00e7in olaca\u011f\u0131n\u0131 s\u00f6yledi. Beyanda, Kuneytra&#8217;da A ve B kategorilerinde gen\u00e7lere 160 konut tahsisi oturumlar\u0131 ise 18-23 Ocak tarihleri \u200b\u200b aras\u0131nda olaca\u011f\u0131n\u0131 ekledi.<\/p>\n<p style=\"text-align: justify;\">Beyana g\u00f6re ayr\u0131ca, Lazkiye, Hama, S\u00fcveyde ve Deyrezzor illerinde 1.432 konutun gen\u00e7lik konut projelerine tahsis edilece\u011fi tarih daha sonra belirlenecek.<\/p>\n<p style=\"text-align: justify;\">Kuruma g\u00f6re, gen\u00e7 konutlar\u0131 ve tasarruflar\u0131 i\u00e7in taban metrekaresinin ortalama tahmini de\u011feri 596 bin 385 Suriye liras\u0131 olarak ger\u00e7ekle\u015fti.<\/p>\n<p style=\"text-align: justify;\">P.M.<\/p>\n","protected":false},"excerpt":{"rendered":"<p>\u015eAM \u2013 Toplu Konut Kurumu bug\u00fcn bir dizi ildeki \u015fubelerinde gen\u00e7lik konut projeleri, konut tasarruflar\u0131 ve konut i\u00e7in h\u00fck\u00fcmet program\u0131nda 3.000&#8217;den fazla konut i\u00e7in tahsis oturumlar\u0131na ba\u015flad\u0131. Kurum taraf\u0131ndan yay\u0131nlanan beyanda, \u015eam k\u0131rsal\u0131nda 2.080 gen\u00e7lik konutu tahsis tarihi bug\u00fcnden 16 Mart&#8217;a kadar ve yar\u0131n \u00c7ar\u015famba g\u00fcn\u00fc Halep&#8217;te 633 gen\u00e7 konutu ve birikimi i\u00e7in ve 18 &hellip;<\/p>\n","protected":false},"author":1,"featured_media":248660,"comment_status":"closed","ping_status":"closed","sticky":false,"template":"","format":"standard","meta":{"footnotes":""},"categories":[526,479,17988,525,478],"tags":[],"class_list":["post-248659","post","type-post","status-publish","format-standard","has-post-thumbnail","","category-haber-ve-raporlar","category-haberler-yerel","category-son-haberler","category-toplum","category-yerel"],"_links":{"self":[{"href":"https:\/\/archive.sana.sy\/tr\/index.php?rest_route=\/wp\/v2\/posts\/248659","targetHints":{"allow":["GET"]}}],"collection":[{"href":"https:\/\/archive.sana.sy\/tr\/index.php?rest_route=\/wp\/v2\/posts"}],"about":[{"href":"https:\/\/archive.sana.sy\/tr\/index.php?rest_route=\/wp\/v2\/types\/post"}],"author":[{"embeddable":true,"href":"https:\/\/archive.sana.sy\/tr\/index.php?rest_route=\/wp\/v2\/users\/1"}],"replies":[{"embeddable":true,"href":"https:\/\/archive.sana.sy\/tr\/index.php?rest_route=%2Fwp%2Fv2%2Fcomments&post=248659"}],"version-history":[{"count":0,"href":"https:\/\/archive.sana.sy\/tr\/index.php?rest_route=\/wp\/v2\/posts\/248659\/revisions"}],"wp:featuredmedia":[{"embeddable":true,"href":"https:\/\/archive.sana.sy\/tr\/index.php?rest_route=\/wp\/v2\/media\/248660"}],"wp:attachment":[{"href":"https:\/\/archive.sana.sy\/tr\/index.php?rest_route=%2Fwp%2Fv2%2Fmedia&parent=248659"}],"wp:term":[{"taxonomy":"category","embeddable":true,"href":"https:\/\/archive.sana.sy\/tr\/index.php?rest_route=%2Fwp%2Fv2%2Fcategories&post=248659"},{"taxonomy":"post_tag","embeddable":true,"href":"https:\/\/archive.sana.sy\/tr\/index.php?rest_route=%2Fwp%2Fv2%2Ftags&post=248659"}],"curies":[{"name":"wp","href":"https:\/\/api.w.org\/{rel}","templated":true}]}}