{"id":248744,"date":"2022-01-20T21:35:53","date_gmt":"2022-01-20T19:35:53","guid":{"rendered":"http:\/\/107.6.182.27\/tr\/?p=248744"},"modified":"2022-01-23T09:32:25","modified_gmt":"2022-01-23T07:32:25","slug":"suriye-lubnandaki-nabu-muzesinin-girisimiyle-5-palmyra-eserini-geri-teslim-aldi","status":"publish","type":"post","link":"https:\/\/archive.sana.sy\/tr\/?p=248744","title":{"rendered":"Suriye, L\u00fcbnan&#8217;daki Nabu M\u00fczesi&#8217;nin Giri\u015fimiyle 5 Palmyra Eserini Geri Teslim Ald\u0131"},"content":{"rendered":"<p style=\"text-align: justify;\">BEYRUT \u2013 Suriye bug\u00fcn, ter\u00f6r \u00f6rg\u00fct\u00fcn\u00fcn \u201cI\u015e\u0130D\u201d kontrol\u00fc s\u0131ras\u0131nda Palmira kentinden \u00e7al\u0131nan be\u015f antik eseri ele ge\u00e7irdi.<\/p>\n<p><a href=\"http:\/\/107.6.182.27\/tr\/wp-content\/uploads\/2022\/01\/2-27.jpg\"><img loading=\"lazy\" decoding=\"async\" class=\"size-medium wp-image-248745 alignright\" src=\"http:\/\/107.6.182.27\/tr\/wp-content\/uploads\/2022\/01\/2-27-300x200.jpg\" alt=\"\" width=\"300\" height=\"200\" srcset=\"https:\/\/archive.sana.sy\/tr\/wp-content\/uploads\/2022\/01\/2-27-300x200.jpg 300w, https:\/\/archive.sana.sy\/tr\/wp-content\/uploads\/2022\/01\/2-27-150x100.jpg 150w, https:\/\/archive.sana.sy\/tr\/wp-content\/uploads\/2022\/01\/2-27.jpg 660w\" sizes=\"auto, (max-width: 300px) 100vw, 300px\" \/><\/a><\/p>\n<p style=\"text-align: justify;\">Antik Eserler ve M\u00fczeler Genel M\u00fcd\u00fcrl\u00fc\u011f\u00fc, L\u00fcbnan&#8217;daki Nabu M\u00fczesi&#8217;nin giri\u015fimiyle eserleri teslim ald\u0131\u011f\u0131 t\u00f6rene L\u00fcbnan K\u00fclt\u00fcr Bakan\u0131 Hakim Muhammed Vissam el Murtada, Suriye&#8217;nin L\u00fcbnan B\u00fcy\u00fckel\u00e7isi Ali Abd\u00fclkerim ve Nabu M\u00fczesi&#8217;nin kurucusu ve y\u00f6neticisi Cevad Adra&#8217;n\u0131n himayesinde Beyrut&#8217;taki Ulusal M\u00fcze&#8217;de d\u00fczenlenen bir t\u00f6ren s\u0131ras\u0131nda ger\u00e7ekle\u015fti.<\/p>\n<p style=\"text-align: justify;\">Bakan Al-Murtada devir teslim s\u0131ras\u0131nda yapt\u0131\u011f\u0131 konu\u015fmada, &#8220;Bu eserler, tarihin ba\u015flang\u0131c\u0131ndan bu yana bu m\u00fcbarek topraklardan insan uygarl\u0131\u011f\u0131n\u0131n y\u00fckseli\u015finin hikayesini anlat\u0131yor&#8221; dedi.<\/p>\n<p style=\"text-align: justify;\">El Murtada, L\u00fcbnan ve Suriye&#8217;yi bir araya getirenin sadece ortak tarih de\u011fil, ayn\u0131 zamanda gelece\u011fi daha bar\u0131\u015f\u00e7\u0131l ve daha parlak hale getiren tarihimiziyok etmek isteyen \u201c\u0130srail\u201dli ter\u00f6r\u00fcn\u00fc \u00a0ve bozmak isteyen tekfirci ter\u00f6r\u00fc ile m\u00fccadelenin de oldu\u011funu vurgulad\u0131.<\/p>\n<p><a href=\"http:\/\/107.6.182.27\/tr\/wp-content\/uploads\/2022\/01\/3-22.jpg\"><img loading=\"lazy\" decoding=\"async\" class=\"size-medium wp-image-248746 alignright\" src=\"http:\/\/107.6.182.27\/tr\/wp-content\/uploads\/2022\/01\/3-22-197x300.jpg\" alt=\"\" width=\"197\" height=\"300\" srcset=\"https:\/\/archive.sana.sy\/tr\/wp-content\/uploads\/2022\/01\/3-22-197x300.jpg 197w, https:\/\/archive.sana.sy\/tr\/wp-content\/uploads\/2022\/01\/3-22-98x150.jpg 98w, https:\/\/archive.sana.sy\/tr\/wp-content\/uploads\/2022\/01\/3-22.jpg 660w\" sizes=\"auto, (max-width: 197px) 100vw, 197px\" \/><\/a><\/p>\n<p style=\"text-align: justify;\">L\u00fcbnan\u2019daki Suriye b\u00fcy\u00fckel\u00e7isi Ali Abd\u00fclkerim ise bulundu\u011fu kelimede \u201cUzun s\u00fcredir devam eden k\u00fclt\u00fcrel mirasa, an\u0131tlara ve an\u0131tlara sayg\u0131 g\u00f6steren bu t\u00fcr giri\u015fimler, bu b\u00f6lgenin imaj\u0131n\u0131, \u00f6zellikle de en \u00f6nemli insan medeniyetlerinden birini kucaklayan Suriye ve L\u00fcbnan&#8217;\u0131n imaj\u0131n\u0131 \u00e7iziyor\u201d dedi.<\/p>\n<p style=\"text-align: justify;\">B\u00fcy\u00fckel\u00e7i Abd\u00fclkerim Palmyra eserlerinin geri d\u00f6nmesinin, Suriye&#8217;nin yakla\u015f\u0131k on bir y\u0131ll\u0131k sebattan sonra toparland\u0131\u011f\u0131n\u0131 kan\u0131tlad\u0131\u011f\u0131n\u0131n g\u00f6stergesi oldu\u011funa i\u015faret etti. Abd\u00fclkerim, &#8220;Suriye&#8217;nin kararl\u0131l\u0131\u011f\u0131, Suriye&#8217;nin ve kutsal topraklar\u0131n\u0131n kucaklad\u0131\u011f\u0131 insan ve medeniyetin kimli\u011fini savundu&#8221; ifadeleri s\u00f6zlerine ekledi. Bu ba\u011flamda Abd\u00fclkerim ayr\u0131ca, L\u00fcbnan K\u00fclt\u00fcr Bakanl\u0131\u011f\u0131&#8217;n\u0131n \u00e7abalar\u0131n\u0131 ve giri\u015fimin sahibi olan Nabu M\u00fczesi m\u00fcd\u00fcr\u00fc olan bu \u00e7al\u0131nt\u0131 eserleri iade etme giri\u015fimini \u00f6vd\u00fc.<\/p>\n<p style=\"text-align: justify;\">T\u00f6rene Suriye Antij Eserler ve M\u00fczeler M\u00fcd\u00fcrl\u00fc\u011f\u00fc temsilcileri, L\u00fcbnan M\u00fczeler M\u00fcd\u00fcrl\u00fc\u011f\u00fc ve \u00e7ok say\u0131da ilgili taraflar da kat\u0131ld\u0131.<\/p>\n<p style=\"text-align: justify;\">P.M.<\/p>\n","protected":false},"excerpt":{"rendered":"<p>BEYRUT \u2013 Suriye bug\u00fcn, ter\u00f6r \u00f6rg\u00fct\u00fcn\u00fcn \u201cI\u015e\u0130D\u201d kontrol\u00fc s\u0131ras\u0131nda Palmira kentinden \u00e7al\u0131nan be\u015f antik eseri ele ge\u00e7irdi. Antik Eserler ve M\u00fczeler Genel M\u00fcd\u00fcrl\u00fc\u011f\u00fc, L\u00fcbnan&#8217;daki Nabu M\u00fczesi&#8217;nin giri\u015fimiyle eserleri teslim ald\u0131\u011f\u0131 t\u00f6rene L\u00fcbnan K\u00fclt\u00fcr Bakan\u0131 Hakim Muhammed Vissam el Murtada, Suriye&#8217;nin L\u00fcbnan B\u00fcy\u00fckel\u00e7isi Ali Abd\u00fclkerim ve Nabu M\u00fczesi&#8217;nin kurucusu ve y\u00f6neticisi Cevad Adra&#8217;n\u0131n himayesinde Beyrut&#8217;taki Ulusal &hellip;<\/p>\n","protected":false},"author":1,"featured_media":248747,"comment_status":"closed","ping_status":"closed","sticky":false,"template":"","format":"standard","meta":{"footnotes":""},"categories":[458,596,459,511,17988],"tags":[],"class_list":["post-248744","post","type-post","status-publish","format-standard","has-post-thumbnail","","category-dunya1","category-fotografli-raporlar","category-haberler-arap-uluslararasi-politika","category-kultur-ve-sanat","category-son-haberler"],"_links":{"self":[{"href":"https:\/\/archive.sana.sy\/tr\/index.php?rest_route=\/wp\/v2\/posts\/248744","targetHints":{"allow":["GET"]}}],"collection":[{"href":"https:\/\/archive.sana.sy\/tr\/index.php?rest_route=\/wp\/v2\/posts"}],"about":[{"href":"https:\/\/archive.sana.sy\/tr\/index.php?rest_route=\/wp\/v2\/types\/post"}],"author":[{"embeddable":true,"href":"https:\/\/archive.sana.sy\/tr\/index.php?rest_route=\/wp\/v2\/users\/1"}],"replies":[{"embeddable":true,"href":"https:\/\/archive.sana.sy\/tr\/index.php?rest_route=%2Fwp%2Fv2%2Fcomments&post=248744"}],"version-history":[{"count":0,"href":"https:\/\/archive.sana.sy\/tr\/index.php?rest_route=\/wp\/v2\/posts\/248744\/revisions"}],"wp:featuredmedia":[{"embeddable":true,"href":"https:\/\/archive.sana.sy\/tr\/index.php?rest_route=\/wp\/v2\/media\/248747"}],"wp:attachment":[{"href":"https:\/\/archive.sana.sy\/tr\/index.php?rest_route=%2Fwp%2Fv2%2Fmedia&parent=248744"}],"wp:term":[{"taxonomy":"category","embeddable":true,"href":"https:\/\/archive.sana.sy\/tr\/index.php?rest_route=%2Fwp%2Fv2%2Fcategories&post=248744"},{"taxonomy":"post_tag","embeddable":true,"href":"https:\/\/archive.sana.sy\/tr\/index.php?rest_route=%2Fwp%2Fv2%2Ftags&post=248744"}],"curies":[{"name":"wp","href":"https:\/\/api.w.org\/{rel}","templated":true}]}}