{"id":24886,"date":"2015-02-25T18:38:02","date_gmt":"2015-02-25T16:38:02","guid":{"rendered":"http:\/\/www.sana.sy\/tr\/?p=24886"},"modified":"2015-02-25T18:38:02","modified_gmt":"2015-02-25T16:38:02","slug":"siyonist-yerlesimciler-camiyi-atese-verdiler","status":"publish","type":"post","link":"https:\/\/archive.sana.sy\/tr\/?p=24886","title":{"rendered":"Siyonist Yerle\u015fimciler Camiyi Ate\u015fe Verdiler"},"content":{"rendered":"<p>KUD\u00dcS \u2013 \u0130\u015fgal alt\u0131ndaki Beyt Lahim kentinin bat\u0131s\u0131nda yer alan \u0130srailli Siyonist yerle\u015fimciler Arap ve \u0130slamiyet kar\u015f\u0131t\u0131 sloganlar e\u015fli\u011finde bir camiyi ate\u015fe verdiler.<\/p>\n<p>Filistinli MAA Haber Ajans\u0131 bug\u00fcn yay\u0131nlad\u0131\u011f\u0131 haberde sabah namaz\u0131n\u0131 k\u0131lmaya giden cemaatin g\u00f6rd\u00fckleri manzara kar\u015f\u0131s\u0131nda \u015fok olduklar\u0131n\u0131 ifade ederek cemaatin camiden \u00e7\u0131kan alevlerle kar\u015f\u0131la\u015ft\u0131\u011f\u0131n\u0131 belirtti.<\/p>\n<p>F.B. &#8211; M.M.<\/p>\n","protected":false},"excerpt":{"rendered":"<p>KUD\u00dcS \u2013 \u0130\u015fgal alt\u0131ndaki Beyt Lahim kentinin bat\u0131s\u0131nda yer alan \u0130srailli Siyonist yerle\u015fimciler Arap ve \u0130slamiyet kar\u015f\u0131t\u0131 sloganlar e\u015fli\u011finde bir camiyi ate\u015fe verdiler. Filistinli MAA Haber Ajans\u0131 bug\u00fcn yay\u0131nlad\u0131\u011f\u0131 haberde sabah namaz\u0131n\u0131 k\u0131lmaya giden cemaatin g\u00f6rd\u00fckleri manzara kar\u015f\u0131s\u0131nda \u015fok olduklar\u0131n\u0131 ifade ederek cemaatin camiden \u00e7\u0131kan alevlerle kar\u015f\u0131la\u015ft\u0131\u011f\u0131n\u0131 belirtti. F.B. &#8211; M.M.<\/p>\n","protected":false},"author":1,"featured_media":24887,"comment_status":"closed","ping_status":"closed","sticky":false,"template":"","format":"standard","meta":{"footnotes":""},"categories":[458,459,447],"tags":[11855,11854],"class_list":["post-24886","post","type-post","status-publish","format-standard","has-post-thumbnail","","category-dunya1","category-haberler-arap-uluslararasi-politika","category-politika","tag-kudus-isgal-altindaki-beyt-lahim-kentinin-batisinda-yer-alan-israilli-siyonist-yerlesimciler-arap-ve-islamiyet-karsiti-sloganlar-esliginde-bir-camiyi-atese-verdiler","tag-siyonist-yerlesimciler-camiyi-atese-verdiler"],"_links":{"self":[{"href":"https:\/\/archive.sana.sy\/tr\/index.php?rest_route=\/wp\/v2\/posts\/24886","targetHints":{"allow":["GET"]}}],"collection":[{"href":"https:\/\/archive.sana.sy\/tr\/index.php?rest_route=\/wp\/v2\/posts"}],"about":[{"href":"https:\/\/archive.sana.sy\/tr\/index.php?rest_route=\/wp\/v2\/types\/post"}],"author":[{"embeddable":true,"href":"https:\/\/archive.sana.sy\/tr\/index.php?rest_route=\/wp\/v2\/users\/1"}],"replies":[{"embeddable":true,"href":"https:\/\/archive.sana.sy\/tr\/index.php?rest_route=%2Fwp%2Fv2%2Fcomments&post=24886"}],"version-history":[{"count":0,"href":"https:\/\/archive.sana.sy\/tr\/index.php?rest_route=\/wp\/v2\/posts\/24886\/revisions"}],"wp:featuredmedia":[{"embeddable":true,"href":"https:\/\/archive.sana.sy\/tr\/index.php?rest_route=\/wp\/v2\/media\/24887"}],"wp:attachment":[{"href":"https:\/\/archive.sana.sy\/tr\/index.php?rest_route=%2Fwp%2Fv2%2Fmedia&parent=24886"}],"wp:term":[{"taxonomy":"category","embeddable":true,"href":"https:\/\/archive.sana.sy\/tr\/index.php?rest_route=%2Fwp%2Fv2%2Fcategories&post=24886"},{"taxonomy":"post_tag","embeddable":true,"href":"https:\/\/archive.sana.sy\/tr\/index.php?rest_route=%2Fwp%2Fv2%2Ftags&post=24886"}],"curies":[{"name":"wp","href":"https:\/\/api.w.org\/{rel}","templated":true}]}}