{"id":248942,"date":"2022-01-24T11:40:42","date_gmt":"2022-01-24T09:40:42","guid":{"rendered":"http:\/\/107.6.182.27\/tr\/?p=248942"},"modified":"2022-01-25T09:19:33","modified_gmt":"2022-01-25T07:19:33","slug":"amerikan-isgali-hasekedeki-firat-universitesinin-genel-merkez-sube-binasini-bombaladi","status":"publish","type":"post","link":"https:\/\/archive.sana.sy\/tr\/?p=248942","title":{"rendered":"Amerikan i\u015fgali, Haseke&#8217;deki F\u0131rat \u00dcniversitesinin Genel Merkez \u015eube Binas\u0131n\u0131 Bombalad\u0131"},"content":{"rendered":"<p>HASEKE \u2013 Haseke SANA muhabiri, ABD i\u015fgal sava\u015f u\u00e7aklar\u0131n\u0131n \u015fehirdeki F\u0131rat \u00dcniversitesi Genel Merkez \u015fubesinin binas\u0131n\u0131 bombalay\u0131p ara\u00e7 garaj\u0131n\u0131n tahrip etti\u011fini belirtti.<\/p>\n<p>Muhabir , ABD i\u015fgal sava\u015f u\u00e7aklar\u0131n\u0131n Guveyran tah\u0131l merkezindeki silolar\u0131n \u00e7evresinde birka\u00e7 noktay\u0131, Sanayi Lisesi Hapishanesinden ka\u00e7aklar\u0131 takip etme bahanesiyle bombalad\u0131\u011f\u0131n\u0131 da s\u00f6zlerine ekledi.<\/p>\n","protected":false},"excerpt":{"rendered":"<p>HASEKE \u2013 Haseke SANA muhabiri, ABD i\u015fgal sava\u015f u\u00e7aklar\u0131n\u0131n \u015fehirdeki F\u0131rat \u00dcniversitesi Genel Merkez \u015fubesinin binas\u0131n\u0131 bombalay\u0131p ara\u00e7 garaj\u0131n\u0131n tahrip etti\u011fini belirtti. Muhabir , ABD i\u015fgal sava\u015f u\u00e7aklar\u0131n\u0131n Guveyran tah\u0131l merkezindeki silolar\u0131n \u00e7evresinde birka\u00e7 noktay\u0131, Sanayi Lisesi Hapishanesinden ka\u00e7aklar\u0131 takip etme bahanesiyle bombalad\u0131\u011f\u0131n\u0131 da s\u00f6zlerine ekledi.<\/p>\n","protected":false},"author":36,"featured_media":248943,"comment_status":"closed","ping_status":"closed","sticky":false,"template":"","format":"standard","meta":{"footnotes":""},"categories":[479,575,17988,478],"tags":[],"class_list":["post-248942","post","type-post","status-publish","format-standard","has-post-thumbnail","","category-haberler-yerel","category-olaylar-ve-gercekler","category-son-haberler","category-yerel"],"_links":{"self":[{"href":"https:\/\/archive.sana.sy\/tr\/index.php?rest_route=\/wp\/v2\/posts\/248942","targetHints":{"allow":["GET"]}}],"collection":[{"href":"https:\/\/archive.sana.sy\/tr\/index.php?rest_route=\/wp\/v2\/posts"}],"about":[{"href":"https:\/\/archive.sana.sy\/tr\/index.php?rest_route=\/wp\/v2\/types\/post"}],"author":[{"embeddable":true,"href":"https:\/\/archive.sana.sy\/tr\/index.php?rest_route=\/wp\/v2\/users\/36"}],"replies":[{"embeddable":true,"href":"https:\/\/archive.sana.sy\/tr\/index.php?rest_route=%2Fwp%2Fv2%2Fcomments&post=248942"}],"version-history":[{"count":0,"href":"https:\/\/archive.sana.sy\/tr\/index.php?rest_route=\/wp\/v2\/posts\/248942\/revisions"}],"wp:featuredmedia":[{"embeddable":true,"href":"https:\/\/archive.sana.sy\/tr\/index.php?rest_route=\/wp\/v2\/media\/248943"}],"wp:attachment":[{"href":"https:\/\/archive.sana.sy\/tr\/index.php?rest_route=%2Fwp%2Fv2%2Fmedia&parent=248942"}],"wp:term":[{"taxonomy":"category","embeddable":true,"href":"https:\/\/archive.sana.sy\/tr\/index.php?rest_route=%2Fwp%2Fv2%2Fcategories&post=248942"},{"taxonomy":"post_tag","embeddable":true,"href":"https:\/\/archive.sana.sy\/tr\/index.php?rest_route=%2Fwp%2Fv2%2Ftags&post=248942"}],"curies":[{"name":"wp","href":"https:\/\/api.w.org\/{rel}","templated":true}]}}