{"id":248987,"date":"2022-01-25T09:37:10","date_gmt":"2022-01-25T07:37:10","guid":{"rendered":"http:\/\/107.6.182.27\/tr\/?p=248987"},"modified":"2022-01-26T08:56:18","modified_gmt":"2022-01-26T06:56:18","slug":"deyrezzor-kirsalinda-sdg-milislerinin-kontrol-noktalarini-hedef-alindi","status":"publish","type":"post","link":"https:\/\/archive.sana.sy\/tr\/?p=248987","title":{"rendered":"Deyrezzor k\u0131rsal\u0131nda SDG milislerinin kontrol noktalar\u0131n\u0131 hedef al\u0131nd\u0131"},"content":{"rendered":"<p>DEYREZZOR \u2013 Halk gruplar\u0131, Deyrezzor k\u0131rsal\u0131n\u0131n do\u011fusunda yer alan El Busayra kentinde ve El \u015eehil beldesinde Amerikan i\u015fgal g\u00fc\u00e7leri taraf\u0131ndan desteklenen \u201cDSG\u201d milislerinin askeri noktalar\u0131n\u0131 hedef ald\u0131.<\/p>\n<p>Yerel kaynaklar SANA muhabirine yapt\u0131\u011f\u0131 a\u00e7\u0131klamada, Halk gruplar\u0131n Deyrezzor k\u0131rsal\u0131n\u0131n do\u011fusunda yer alan El Busayra kentinde ve El \u015eehil beldesindeki \u201cDSG\u201d milislerine ait askeri noktalara makineli t\u00fcfekler ve \u201cRPG\u201d f\u00fczeleri ile sald\u0131r\u0131 d\u00fczenledi\u011fini belirtti.<\/p>\n<p>Kaynaklar, &#8220;DSG&#8221; milislerinin, Amerikan i\u015fgal u\u00e7aklar\u0131n\u0131n me\u015fale bombalar\u0131 atmas\u0131 ile birlikte b\u00f6lgeye takviye kuvvetler getirdi\u011fine ve b\u00f6lgede patlama seslerinin duyuldu\u011funa dikkat \u00e7ekti.<\/p>\n","protected":false},"excerpt":{"rendered":"<p>DEYREZZOR \u2013 Halk gruplar\u0131, Deyrezzor k\u0131rsal\u0131n\u0131n do\u011fusunda yer alan El Busayra kentinde ve El \u015eehil beldesinde Amerikan i\u015fgal g\u00fc\u00e7leri taraf\u0131ndan desteklenen \u201cDSG\u201d milislerinin askeri noktalar\u0131n\u0131 hedef ald\u0131. Yerel kaynaklar SANA muhabirine yapt\u0131\u011f\u0131 a\u00e7\u0131klamada, Halk gruplar\u0131n Deyrezzor k\u0131rsal\u0131n\u0131n do\u011fusunda yer alan El Busayra kentinde ve El \u015eehil beldesindeki \u201cDSG\u201d milislerine ait askeri noktalara makineli t\u00fcfekler ve &hellip;<\/p>\n","protected":false},"author":36,"featured_media":248988,"comment_status":"closed","ping_status":"closed","sticky":false,"template":"","format":"standard","meta":{"footnotes":""},"categories":[479,575,17988,478],"tags":[],"class_list":["post-248987","post","type-post","status-publish","format-standard","has-post-thumbnail","","category-haberler-yerel","category-olaylar-ve-gercekler","category-son-haberler","category-yerel"],"_links":{"self":[{"href":"https:\/\/archive.sana.sy\/tr\/index.php?rest_route=\/wp\/v2\/posts\/248987","targetHints":{"allow":["GET"]}}],"collection":[{"href":"https:\/\/archive.sana.sy\/tr\/index.php?rest_route=\/wp\/v2\/posts"}],"about":[{"href":"https:\/\/archive.sana.sy\/tr\/index.php?rest_route=\/wp\/v2\/types\/post"}],"author":[{"embeddable":true,"href":"https:\/\/archive.sana.sy\/tr\/index.php?rest_route=\/wp\/v2\/users\/36"}],"replies":[{"embeddable":true,"href":"https:\/\/archive.sana.sy\/tr\/index.php?rest_route=%2Fwp%2Fv2%2Fcomments&post=248987"}],"version-history":[{"count":0,"href":"https:\/\/archive.sana.sy\/tr\/index.php?rest_route=\/wp\/v2\/posts\/248987\/revisions"}],"wp:featuredmedia":[{"embeddable":true,"href":"https:\/\/archive.sana.sy\/tr\/index.php?rest_route=\/wp\/v2\/media\/248988"}],"wp:attachment":[{"href":"https:\/\/archive.sana.sy\/tr\/index.php?rest_route=%2Fwp%2Fv2%2Fmedia&parent=248987"}],"wp:term":[{"taxonomy":"category","embeddable":true,"href":"https:\/\/archive.sana.sy\/tr\/index.php?rest_route=%2Fwp%2Fv2%2Fcategories&post=248987"},{"taxonomy":"post_tag","embeddable":true,"href":"https:\/\/archive.sana.sy\/tr\/index.php?rest_route=%2Fwp%2Fv2%2Ftags&post=248987"}],"curies":[{"name":"wp","href":"https:\/\/api.w.org\/{rel}","templated":true}]}}