{"id":249025,"date":"2022-01-25T12:17:57","date_gmt":"2022-01-25T10:17:57","guid":{"rendered":"http:\/\/107.6.182.27\/tr\/?p=249025"},"modified":"2022-01-26T11:08:51","modified_gmt":"2022-01-26T09:08:51","slug":"hasekenin-el-zohur-mahallesinde-amerikan-isgali-ve-dsg-milislerinin-bombalamasi-sonucu-buyuk-yikim","status":"publish","type":"post","link":"https:\/\/archive.sana.sy\/tr\/?p=249025","title":{"rendered":"Amerikan \u0130\u015fgali Sivilleri Hedef Almaya DSG Milisleri De Vatanda\u015flar\u0131 Ka\u00e7\u0131rmaya Devam Ediyor"},"content":{"rendered":"<p style=\"text-align: justify;\">HASEKE \u2013 Amerikan i\u015fgal g\u00fc\u00e7leri, Haseke kentindeki Sanayi Lisesi Cezaevi&#8217;nden firarileri takip etme bahanesiyle daha fazla bina ve tesisin y\u0131k\u0131lmas\u0131na neden olan Sanayi Lisesi Hapishanesi \u00e7evresindeki bina ve tesislerine y\u00f6nelik barbarca bombard\u0131man\u0131na devam etti. Buna paralel olarak DSG milislerinin d\u00fczenledi\u011fi bask\u0131nlar\u0131n ard\u0131ndan kentin Guveyran semtinde \u00e7ok say\u0131da sivili ka\u00e7\u0131rd\u0131.<\/p>\n<p style=\"text-align: justify;\">Haseke SANA muhabiri, bir yandan Amerikan i\u015fgal kuvvetlerince destekli &#8220;DSG&#8221; milisleriyle hapishane \u00e7evresindeki binalarda sakland\u0131klar\u0131n\u0131 iddia etti\u011fi firariler aras\u0131nda \u00e7at\u0131\u015fmalar\u0131n devam etti\u011fini di\u011fer yandan da \u0130ktisat Fak\u00fcltesi binalar\u0131, in\u015faat m\u00fchendisli\u011fi amfi tiyatrolar\u0131, \u00fcniversite \u015fube binas\u0131n\u0131n karargah\u0131, belediye binas\u0131n\u0131n garaj\u0131 da dahil olmak \u00fczere kentteki onlar\u0131 \u00e7evreleyen baz\u0131 binalar\u0131 y\u0131kt\u0131\u011f\u0131n\u0131 buna ek olarak El Zuhur mahallesindeki baz\u0131 vatanda\u015flar\u0131n evlerini de y\u0131kt\u0131\u011f\u0131n\u0131 ifade etti.<\/p>\n<p style=\"text-align: justify;\">Muhabir, &#8220;DSG&#8221; milislerinin, d\u00fcn geceden bu yana, El Zuhur mahallesine ek olarak do\u011fu ve bat\u0131 Guveyran mahallelerindeki evlere bask\u0131nlar d\u00fczenledi\u011fine ve \u00e7ok say\u0131da sivili ka\u00e7\u0131r\u0131p bilinmeyen yerlere g\u00f6t\u00fcrd\u00fc\u011f\u00fcne dikkat \u00e7ekti.<\/p>\n<p style=\"text-align: justify;\">Muhabir yerel kaynaklardan naklen, Amerikan i\u015fgal g\u00fc\u00e7leri taraf\u0131ndan desteklenen DSG milislerinin, Amerikan i\u015fgaline ait tanklar ve Bradley ara\u00e7lar\u0131n\u0131n kat\u0131l\u0131m\u0131yla hapishaneyi birka\u00e7 kez basmaya \u00e7al\u0131\u015ft\u0131ktan sonra hapishanenin kontrol\u00fcn\u00fc yeniden ele ge\u00e7irmekte ba\u015far\u0131s\u0131z oldu\u011funu dile getirdi.<\/p>\n<div id='gallery-1' class='gallery galleryid-249025 gallery-columns-1 gallery-size-full'><figure class='gallery-item'>\n\t\t\t<div class='gallery-icon landscape'>\n\t\t\t\t<a href='https:\/\/archive.sana.sy\/tr\/wp-content\/uploads\/2022\/01\/7-15.jpg'><img loading=\"lazy\" decoding=\"async\" width=\"660\" height=\"396\" src=\"https:\/\/archive.sana.sy\/tr\/wp-content\/uploads\/2022\/01\/7-15.jpg\" class=\"attachment-full size-full\" alt=\"\" srcset=\"https:\/\/archive.sana.sy\/tr\/wp-content\/uploads\/2022\/01\/7-15.jpg 660w, https:\/\/archive.sana.sy\/tr\/wp-content\/uploads\/2022\/01\/7-15-300x180.jpg 300w, https:\/\/archive.sana.sy\/tr\/wp-content\/uploads\/2022\/01\/7-15-150x90.jpg 150w\" sizes=\"auto, (max-width: 660px) 100vw, 660px\" \/><\/a>\n\t\t\t<\/div><\/figure>\n\t\t<\/div>\n\n","protected":false},"excerpt":{"rendered":"<p>HASEKE \u2013 Amerikan i\u015fgal g\u00fc\u00e7leri, Haseke kentindeki Sanayi Lisesi Cezaevi&#8217;nden firarileri takip etme bahanesiyle daha fazla bina ve tesisin y\u0131k\u0131lmas\u0131na neden olan Sanayi Lisesi Hapishanesi \u00e7evresindeki bina ve tesislerine y\u00f6nelik barbarca bombard\u0131man\u0131na devam etti. Buna paralel olarak DSG milislerinin d\u00fczenledi\u011fi bask\u0131nlar\u0131n ard\u0131ndan kentin Guveyran semtinde \u00e7ok say\u0131da sivili ka\u00e7\u0131rd\u0131. Haseke SANA muhabiri, bir yandan Amerikan &hellip;<\/p>\n","protected":false},"author":36,"featured_media":249027,"comment_status":"closed","ping_status":"closed","sticky":false,"template":"","format":"standard","meta":{"footnotes":""},"categories":[479,575,17988,478],"tags":[],"class_list":["post-249025","post","type-post","status-publish","format-standard","has-post-thumbnail","","category-haberler-yerel","category-olaylar-ve-gercekler","category-son-haberler","category-yerel"],"_links":{"self":[{"href":"https:\/\/archive.sana.sy\/tr\/index.php?rest_route=\/wp\/v2\/posts\/249025","targetHints":{"allow":["GET"]}}],"collection":[{"href":"https:\/\/archive.sana.sy\/tr\/index.php?rest_route=\/wp\/v2\/posts"}],"about":[{"href":"https:\/\/archive.sana.sy\/tr\/index.php?rest_route=\/wp\/v2\/types\/post"}],"author":[{"embeddable":true,"href":"https:\/\/archive.sana.sy\/tr\/index.php?rest_route=\/wp\/v2\/users\/36"}],"replies":[{"embeddable":true,"href":"https:\/\/archive.sana.sy\/tr\/index.php?rest_route=%2Fwp%2Fv2%2Fcomments&post=249025"}],"version-history":[{"count":0,"href":"https:\/\/archive.sana.sy\/tr\/index.php?rest_route=\/wp\/v2\/posts\/249025\/revisions"}],"wp:featuredmedia":[{"embeddable":true,"href":"https:\/\/archive.sana.sy\/tr\/index.php?rest_route=\/wp\/v2\/media\/249027"}],"wp:attachment":[{"href":"https:\/\/archive.sana.sy\/tr\/index.php?rest_route=%2Fwp%2Fv2%2Fmedia&parent=249025"}],"wp:term":[{"taxonomy":"category","embeddable":true,"href":"https:\/\/archive.sana.sy\/tr\/index.php?rest_route=%2Fwp%2Fv2%2Fcategories&post=249025"},{"taxonomy":"post_tag","embeddable":true,"href":"https:\/\/archive.sana.sy\/tr\/index.php?rest_route=%2Fwp%2Fv2%2Ftags&post=249025"}],"curies":[{"name":"wp","href":"https:\/\/api.w.org\/{rel}","templated":true}]}}