{"id":249033,"date":"2022-01-25T15:28:45","date_gmt":"2022-01-25T13:28:45","guid":{"rendered":"http:\/\/107.6.182.27\/tr\/?p=249033"},"modified":"2022-01-26T08:56:43","modified_gmt":"2022-01-26T06:56:43","slug":"al-humasiyye-114-dokuma-tezgahinin-rehabilite-edildi-satislari-7-milyar-lirayi-asti","status":"publish","type":"post","link":"https:\/\/archive.sana.sy\/tr\/?p=249033","title":{"rendered":"Al Humasiyye, 114 Dokuma Tezgah\u0131n\u0131n Rehabilite Edildi, Sat\u0131\u015flar\u0131 7 Milyar Liray\u0131 A\u015ft\u0131"},"content":{"rendered":"<p style=\"text-align: justify;\">\u015eAM \u2013 El Humasiyye Sanayi Ticaret \u015eirketi, kadrolar\u0131n\u0131n \u00e7abalar\u0131yla, \u00fcretime ge\u00e7ecek 114 dokuma tezgah\u0131n\u0131n bak\u0131m ve rehabilitasyonu ile \u015firkette faaliyet g\u00f6steren tezgah ve makinelerin bak\u0131m ve onar\u0131m\u0131n\u0131 tamamlad\u0131.<\/p>\n<p style=\"text-align: justify;\">\u015eirketin genel m\u00fcd\u00fcr\u00fc Mustafa Hilal, SANA muhabirine yapt\u0131\u011f\u0131 a\u00e7\u0131klamada, bunun \u015firketteki \u00fcretim s\u00fcrecini desteklemeye ve kamu ve \u00f6zel kurulu\u015flar\u0131n ham, kabin ve bask\u0131l\u0131 kuma\u015f, pamuk, t\u0131bbi iplikler ve ba\u011flar, medikal gazl\u0131 bezden \u00fcr\u00fcnlerine olan ihtiya\u00e7lar\u0131n\u0131n g\u00fcvence alt\u0131na al\u0131nmas\u0131na katk\u0131da bulundu\u011funu a\u00e7\u0131klad\u0131.<\/p>\n<p style=\"text-align: justify;\">\u015eirketin son bir y\u0131lda elde etti\u011fi sat\u0131\u015flar\u0131n 2020 y\u0131l\u0131na g\u00f6re yakla\u015f\u0131k 2,3 milyar lira artarak 7,347 milyar liraya ula\u015ft\u0131\u011f\u0131n\u0131 belirten Hilal, 776 ton ham kuma\u015f, 145 ton k\u0131sa kuma\u015f ve 228 ton boyal\u0131 kuma\u015f oldu\u011funu belirterek, benzer firmalardan gelen talepleri kar\u015f\u0131lamak i\u00e7in \u00fcretim miktar\u0131n\u0131n farkl\u0131 numaralardan 398 tona ula\u015ft\u0131\u011f\u0131n\u0131 a\u00e7\u0131klad\u0131.<\/p>\n<p style=\"text-align: justify;\">Medikal pamuk b\u00f6l\u00fcm\u00fcn\u00fcn \u00fcretimine ili\u015fkin olarak Hilal, sava\u015f y\u0131llar\u0131nda kamu ve \u00f6zel hastanelerin ihtiya\u00e7lar\u0131n\u0131 kar\u015f\u0131lamak i\u00e7in faaliyette bulunan t\u00fcm b\u00f6l\u00fcm\u00fcn makinelerinin ge\u00e7en y\u0131l 56 ton medikal pamuk \u00fcretti\u011fini belirterek, \u00fcretim s\u00fcrecinin durmamas\u0131 i\u00e7in egzozlar\u0131n emniyete al\u0131nmas\u0131 gereken hammaddenin tescil edildi\u011fini kaydeden firma, ge\u00e7en y\u0131l 14.789.000 adet medikal ba\u011f \u00fcretimi ger\u00e7ekle\u015ftirdi\u011fini dile getirdi.<\/p>\n<p style=\"text-align: justify;\">Genel m\u00fcd\u00fcr\u00fcne g\u00f6re \u015firket, Suriye&#8217;ye uygulanan ekonomik abluka nedeniyle, makinelerin rehabilitasyonunun tamamlanmas\u0131n\u0131 ve bir dizi \u00fcretimin tamamlanmas\u0131n\u0131 olumsuz etkileyen \u015firket, \u00fcretim s\u00fcrecinin devam\u0131 i\u00e7in gerekli yedek par\u00e7a ve malzemelerin temini konusunda bir\u00e7ok zorlukla kar\u015f\u0131 kar\u015f\u0131ya kald\u0131\u011f\u0131n\u0131 ifade etti<\/p>\n<p style=\"text-align: justify;\">Hilal&#8217;e g\u00f6re \u015firketin kar\u015f\u0131la\u015ft\u0131\u011f\u0131 zorluklar aras\u0131nda ba\u015fta \u00e7ama\u015f\u0131rhane olmak \u00fczere t\u00fcm makinelerinin rehabilitasyonu ile ilgili acil durum plan\u0131n\u0131n tamamlanmas\u0131 olmak \u00fczere insan g\u00fcc\u00fc eksikli\u011fi, \u00f6zellikle bak\u0131m i\u015f\u00e7ileri ve mekanik ve elektrik konusunda uzmanla\u015fm\u0131\u015f teknisyenler yer al\u0131yor.<\/p>\n","protected":false},"excerpt":{"rendered":"<p>\u015eAM \u2013 El Humasiyye Sanayi Ticaret \u015eirketi, kadrolar\u0131n\u0131n \u00e7abalar\u0131yla, \u00fcretime ge\u00e7ecek 114 dokuma tezgah\u0131n\u0131n bak\u0131m ve rehabilitasyonu ile \u015firkette faaliyet g\u00f6steren tezgah ve makinelerin bak\u0131m ve onar\u0131m\u0131n\u0131 tamamlad\u0131. \u015eirketin genel m\u00fcd\u00fcr\u00fc Mustafa Hilal, SANA muhabirine yapt\u0131\u011f\u0131 a\u00e7\u0131klamada, bunun \u015firketteki \u00fcretim s\u00fcrecini desteklemeye ve kamu ve \u00f6zel kurulu\u015flar\u0131n ham, kabin ve bask\u0131l\u0131 kuma\u015f, pamuk, t\u0131bbi iplikler &hellip;<\/p>\n","protected":false},"author":1,"featured_media":249034,"comment_status":"closed","ping_status":"closed","sticky":false,"template":"","format":"standard","meta":{"footnotes":""},"categories":[485,486,479,17988,478],"tags":[],"class_list":["post-249033","post","type-post","status-publish","format-standard","has-post-thumbnail","","category-is-ve-sermaye","category-haberler-is-ve-sermaye","category-haberler-yerel","category-son-haberler","category-yerel"],"_links":{"self":[{"href":"https:\/\/archive.sana.sy\/tr\/index.php?rest_route=\/wp\/v2\/posts\/249033","targetHints":{"allow":["GET"]}}],"collection":[{"href":"https:\/\/archive.sana.sy\/tr\/index.php?rest_route=\/wp\/v2\/posts"}],"about":[{"href":"https:\/\/archive.sana.sy\/tr\/index.php?rest_route=\/wp\/v2\/types\/post"}],"author":[{"embeddable":true,"href":"https:\/\/archive.sana.sy\/tr\/index.php?rest_route=\/wp\/v2\/users\/1"}],"replies":[{"embeddable":true,"href":"https:\/\/archive.sana.sy\/tr\/index.php?rest_route=%2Fwp%2Fv2%2Fcomments&post=249033"}],"version-history":[{"count":0,"href":"https:\/\/archive.sana.sy\/tr\/index.php?rest_route=\/wp\/v2\/posts\/249033\/revisions"}],"wp:featuredmedia":[{"embeddable":true,"href":"https:\/\/archive.sana.sy\/tr\/index.php?rest_route=\/wp\/v2\/media\/249034"}],"wp:attachment":[{"href":"https:\/\/archive.sana.sy\/tr\/index.php?rest_route=%2Fwp%2Fv2%2Fmedia&parent=249033"}],"wp:term":[{"taxonomy":"category","embeddable":true,"href":"https:\/\/archive.sana.sy\/tr\/index.php?rest_route=%2Fwp%2Fv2%2Fcategories&post=249033"},{"taxonomy":"post_tag","embeddable":true,"href":"https:\/\/archive.sana.sy\/tr\/index.php?rest_route=%2Fwp%2Fv2%2Ftags&post=249033"}],"curies":[{"name":"wp","href":"https:\/\/api.w.org\/{rel}","templated":true}]}}