{"id":249036,"date":"2022-01-25T15:42:45","date_gmt":"2022-01-25T13:42:45","guid":{"rendered":"http:\/\/107.6.182.27\/tr\/?p=249036"},"modified":"2022-01-26T08:57:26","modified_gmt":"2022-01-26T06:57:26","slug":"hasekede-yerlerinden-edilmis-ailelere-yardim-saglama-cabalari-suruyor","status":"publish","type":"post","link":"https:\/\/archive.sana.sy\/tr\/?p=249036","title":{"rendered":"Haseke&#8217;de Yerlerinden Edilmi\u015f Ailelere Yard\u0131m Sa\u011flama \u00c7abalar\u0131 S\u00fcr\u00fcyor"},"content":{"rendered":"<p style=\"text-align: justify;\">HASEKE &#8211; Sosyal \u0130\u015fler ve \u00c7al\u0131\u015fma M\u00fcd\u00fcrl\u00fc\u011f\u00fc, yerel yard\u0131m kurulu\u015flar\u0131yla i\u015fbirli\u011fi i\u00e7inde, Haseke kentinin g\u00fcney b\u00f6lgesindeki mahallelerden, bu ay\u0131n 20&#8217;sinden bu yana I\u015e\u0130D&#8217;li ter\u00f6ristler I\u015e\u0130D&#8217;e y\u00f6nelik isyan ve ka\u00e7\u0131\u015f operasyonlar\u0131na tan\u0131k olan Guveyran mahallesindeki Sanayi Lisesi Hapishanesi&#8217;ni \u00e7evreleyen b\u00f6lgenin \u201cDSG&#8221; milisleri Amerikan i\u015fgal u\u00e7aklar\u0131n\u0131n bombard\u0131man\u0131 sonucu kent merkezine g\u00f6\u00e7 eden ailelere yard\u0131m etmeye devam etti.<\/p>\n<p style=\"text-align: justify;\">Sosyal \u0130\u015fler ve \u00c7al\u0131\u015fma M\u00fcd\u00fcr\u00fc \u0130brahim Halaf SANA muhabirine yapt\u0131\u011f\u0131 a\u00e7\u0131klamada, Haseke \u015fehir merkezi ve g\u00fcvenli mahalleler, d\u00fcn Hebbo topraklar\u0131 b\u00f6lgesinde ge\u00e7ici bir s\u0131\u011f\u0131na\u011f\u0131n a\u00e7\u0131ld\u0131\u011f\u0131n\u0131 ve Suriye Arap K\u0131z\u0131lay\u0131&#8217;ndan ve baz\u0131 hay\u0131r kurumlar\u0131ndan \u015filte, su ve m\u00fcmk\u00fcn olan t\u00fcm yard\u0131m malzemeleri ile hizmet verdi\u011fini a\u00e7\u0131klayarak, Haseke Valili\u011fi&#8217;nde yard\u0131m ve insani i\u015flerde \u00e7al\u0131\u015fan uluslararas\u0131 kurulu\u015flar\u0131n tamamen yoklu\u011funda g\u00fcney b\u00f6lgesinden yerinden edilen ailelerin say\u0131s\u0131n\u0131n d\u00fcn ak\u015fama kadar be\u015f ge\u00e7ici bar\u0131nak ve b\u00f6lgedeki yerel halkla birlikte g\u00fcvenlik alt\u0131na al\u0131nan 3 bin 900 aileye ula\u015ft\u0131\u011f\u0131n\u0131 s\u00f6yledi.<\/p>\n<p style=\"text-align: justify;\">Halaf, \u00e7ok say\u0131da Sivil Toplum Kurulu\u015fu&#8217;nun sivil toplum giri\u015fimleriyle i\u015fbirli\u011fi i\u00e7inde t\u00fcm ge\u00e7ici bar\u0131nma merkezlerine yemek sa\u011flad\u0131\u011f\u0131n\u0131, ayr\u0131ca t\u0131bbi hizmetler, ila\u00e7lar, gerekli deterjanlar, \u00e7ocuklar i\u00e7in s\u00fct ve di\u011fer malzemeleri sa\u011flamaya devam etti\u011fini, Suriye Arap K\u0131rm\u0131z\u0131s\u0131&#8217;n\u0131n ise yard\u0131ma devam etti\u011fine dikkat \u00e7ekti.<\/p>\n<p style=\"text-align: justify;\">Halaf, yenilenen merkeze battaniye ve s\u00fcnger \u015filte ba\u011f\u0131\u015flamak i\u00e7in giri\u015fimde bulunan Hilal \u015eubesi, di\u011fer merkezlerdeki eksikliklerin tamam\u0131n\u0131n, herhangi bir geli\u015fme veya acil durum beklentisiyle \u015fehir merkezinde yeni bir ge\u00e7ici bar\u0131nak haz\u0131rland\u0131\u011f\u0131n\u0131 belirtti.<\/p>\n<p style=\"text-align: justify;\">\n","protected":false},"excerpt":{"rendered":"<p>HASEKE &#8211; Sosyal \u0130\u015fler ve \u00c7al\u0131\u015fma M\u00fcd\u00fcrl\u00fc\u011f\u00fc, yerel yard\u0131m kurulu\u015flar\u0131yla i\u015fbirli\u011fi i\u00e7inde, Haseke kentinin g\u00fcney b\u00f6lgesindeki mahallelerden, bu ay\u0131n 20&#8217;sinden bu yana I\u015e\u0130D&#8217;li ter\u00f6ristler I\u015e\u0130D&#8217;e y\u00f6nelik isyan ve ka\u00e7\u0131\u015f operasyonlar\u0131na tan\u0131k olan Guveyran mahallesindeki Sanayi Lisesi Hapishanesi&#8217;ni \u00e7evreleyen b\u00f6lgenin \u201cDSG&#8221; milisleri Amerikan i\u015fgal u\u00e7aklar\u0131n\u0131n bombard\u0131man\u0131 sonucu kent merkezine g\u00f6\u00e7 eden ailelere yard\u0131m etmeye devam etti. &hellip;<\/p>\n","protected":false},"author":1,"featured_media":249037,"comment_status":"closed","ping_status":"closed","sticky":false,"template":"","format":"standard","meta":{"footnotes":""},"categories":[479,17988,478],"tags":[],"class_list":["post-249036","post","type-post","status-publish","format-standard","has-post-thumbnail","","category-haberler-yerel","category-son-haberler","category-yerel"],"_links":{"self":[{"href":"https:\/\/archive.sana.sy\/tr\/index.php?rest_route=\/wp\/v2\/posts\/249036","targetHints":{"allow":["GET"]}}],"collection":[{"href":"https:\/\/archive.sana.sy\/tr\/index.php?rest_route=\/wp\/v2\/posts"}],"about":[{"href":"https:\/\/archive.sana.sy\/tr\/index.php?rest_route=\/wp\/v2\/types\/post"}],"author":[{"embeddable":true,"href":"https:\/\/archive.sana.sy\/tr\/index.php?rest_route=\/wp\/v2\/users\/1"}],"replies":[{"embeddable":true,"href":"https:\/\/archive.sana.sy\/tr\/index.php?rest_route=%2Fwp%2Fv2%2Fcomments&post=249036"}],"version-history":[{"count":0,"href":"https:\/\/archive.sana.sy\/tr\/index.php?rest_route=\/wp\/v2\/posts\/249036\/revisions"}],"wp:featuredmedia":[{"embeddable":true,"href":"https:\/\/archive.sana.sy\/tr\/index.php?rest_route=\/wp\/v2\/media\/249037"}],"wp:attachment":[{"href":"https:\/\/archive.sana.sy\/tr\/index.php?rest_route=%2Fwp%2Fv2%2Fmedia&parent=249036"}],"wp:term":[{"taxonomy":"category","embeddable":true,"href":"https:\/\/archive.sana.sy\/tr\/index.php?rest_route=%2Fwp%2Fv2%2Fcategories&post=249036"},{"taxonomy":"post_tag","embeddable":true,"href":"https:\/\/archive.sana.sy\/tr\/index.php?rest_route=%2Fwp%2Fv2%2Ftags&post=249036"}],"curies":[{"name":"wp","href":"https:\/\/api.w.org\/{rel}","templated":true}]}}