{"id":249039,"date":"2022-01-25T15:30:07","date_gmt":"2022-01-25T13:30:07","guid":{"rendered":"http:\/\/107.6.182.27\/tr\/?p=249039"},"modified":"2022-01-26T08:56:53","modified_gmt":"2022-01-26T06:56:53","slug":"vergi-ve-harclar-genel-mudurlugu-elektronik-fatura-dogrulama-sisteminin-uygulanmasina-basladi","status":"publish","type":"post","link":"https:\/\/archive.sana.sy\/tr\/?p=249039","title":{"rendered":"Vergi ve Har\u00e7lar Genel M\u00fcd\u00fcrl\u00fc\u011f\u00fc, Elektronik Fatura Do\u011frulama Sisteminin Uygulanmas\u0131na Ba\u015flad\u0131"},"content":{"rendered":"<p style=\"text-align: justify;\">\u015eAM \u2013 Vergi ve Har\u00e7lar Genel M\u00fcd\u00fcrl\u00fc\u011f\u00fc, iki y\u0131ld\u0131z ve \u00fczeri turizm s\u0131n\u0131f\u0131nda yer alan kurulu\u015flar da dahil olmak \u00fczere, baz\u0131 i\u015fyerlerinde ve her t\u00fcrl\u00fc ekonomik faaliyette bulunanlar\u0131n fiili i\u015f say\u0131s\u0131n\u0131 belirlemek amac\u0131yla fatura kesmek i\u00e7in elektronik do\u011frulama sistemi mekanizmas\u0131n\u0131 uygulamaya ba\u015flam\u0131\u015ft\u0131r.<\/p>\n<p style=\"text-align: justify;\">Vergi ve Har\u00e7lar Genel M\u00fcd\u00fcrl\u00fc\u011f\u00fc Genel M\u00fcd\u00fcr\u00fc Munzer Vannus, SANA&#8217;ya yapt\u0131\u011f\u0131 a\u00e7\u0131klamada, s\u00f6z konusu kurulu\u015flardaki elektronik do\u011frulama sisteminin mekanizmas\u0131n\u0131n elektronik olarak vergi idaresi ile ba\u011flant\u0131l\u0131 oldu\u011funu belirtti. Vannus, say\u0131n\u0131n belirlenmesinde herhangi bir ki\u015fisel fakt\u00f6rden uzak, tesis ve fiili \u00e7al\u0131\u015fma numaras\u0131 ile ilgili bilgilerin do\u011frulu\u011funu sa\u011flad\u0131\u011f\u0131n\u0131 s\u00f6zlerine ekledi.<\/p>\n<p style=\"text-align: justify;\">Vannus\u2019a g\u00f6re, kurumun yeni do\u011frulama mekanizmas\u0131, uygulamay\u0131 taahh\u00fct eden kurulu\u015flardan faturay\u0131 alan herhangi bir t\u00fcketicinin, faturada belirtilen elektronik do\u011frulama kodu veya QR arac\u0131l\u0131\u011f\u0131yla bu faturan\u0131n ge\u00e7erli oldu\u011funu ve kurumun veri taban\u0131na kaydedildi\u011fini vergi idaresi kurumun web sitesinde bulunan bir uygulama arac\u0131l\u0131\u011f\u0131yla do\u011frulamas\u0131n\u0131 sa\u011flar.<\/p>\n<p style=\"text-align: justify;\">Vannus ayr\u0131ca, yetkili makam\u0131n herhangi bir tesisin faturas\u0131n\u0131n do\u011fru olmas\u0131n\u0131 sa\u011flaman\u0131n yolunu ve bunun i\u00e7in mevcut ara\u00e7lar\u0131 \u00f6n\u00fcm\u00fczdeki d\u00f6nemde a\u00e7\u0131klayaca\u011f\u0131n\u0131 belirtirken, t\u00fcketicinin, tesisle birlikte ve g\u00f6r\u00fcn\u00fcr bir yerde bulunacak bir sertifika ile uygulamay\u0131 taahh\u00fct etti\u011fi i\u015fletmeleri belirleyebilir, bunun yan\u0131 s\u0131ra faturada kod yaz\u0131laca\u011f\u0131na i\u015faret etti.<\/p>\n<p style=\"text-align: justify;\">P.M.<\/p>\n","protected":false},"excerpt":{"rendered":"<p>\u015eAM \u2013 Vergi ve Har\u00e7lar Genel M\u00fcd\u00fcrl\u00fc\u011f\u00fc, iki y\u0131ld\u0131z ve \u00fczeri turizm s\u0131n\u0131f\u0131nda yer alan kurulu\u015flar da dahil olmak \u00fczere, baz\u0131 i\u015fyerlerinde ve her t\u00fcrl\u00fc ekonomik faaliyette bulunanlar\u0131n fiili i\u015f say\u0131s\u0131n\u0131 belirlemek amac\u0131yla fatura kesmek i\u00e7in elektronik do\u011frulama sistemi mekanizmas\u0131n\u0131 uygulamaya ba\u015flam\u0131\u015ft\u0131r. Vergi ve Har\u00e7lar Genel M\u00fcd\u00fcrl\u00fc\u011f\u00fc Genel M\u00fcd\u00fcr\u00fc Munzer Vannus, SANA&#8217;ya yapt\u0131\u011f\u0131 a\u00e7\u0131klamada, s\u00f6z &hellip;<\/p>\n","protected":false},"author":1,"featured_media":249040,"comment_status":"closed","ping_status":"closed","sticky":false,"template":"","format":"standard","meta":{"footnotes":""},"categories":[479,17988,478],"tags":[],"class_list":["post-249039","post","type-post","status-publish","format-standard","has-post-thumbnail","","category-haberler-yerel","category-son-haberler","category-yerel"],"_links":{"self":[{"href":"https:\/\/archive.sana.sy\/tr\/index.php?rest_route=\/wp\/v2\/posts\/249039","targetHints":{"allow":["GET"]}}],"collection":[{"href":"https:\/\/archive.sana.sy\/tr\/index.php?rest_route=\/wp\/v2\/posts"}],"about":[{"href":"https:\/\/archive.sana.sy\/tr\/index.php?rest_route=\/wp\/v2\/types\/post"}],"author":[{"embeddable":true,"href":"https:\/\/archive.sana.sy\/tr\/index.php?rest_route=\/wp\/v2\/users\/1"}],"replies":[{"embeddable":true,"href":"https:\/\/archive.sana.sy\/tr\/index.php?rest_route=%2Fwp%2Fv2%2Fcomments&post=249039"}],"version-history":[{"count":0,"href":"https:\/\/archive.sana.sy\/tr\/index.php?rest_route=\/wp\/v2\/posts\/249039\/revisions"}],"wp:featuredmedia":[{"embeddable":true,"href":"https:\/\/archive.sana.sy\/tr\/index.php?rest_route=\/wp\/v2\/media\/249040"}],"wp:attachment":[{"href":"https:\/\/archive.sana.sy\/tr\/index.php?rest_route=%2Fwp%2Fv2%2Fmedia&parent=249039"}],"wp:term":[{"taxonomy":"category","embeddable":true,"href":"https:\/\/archive.sana.sy\/tr\/index.php?rest_route=%2Fwp%2Fv2%2Fcategories&post=249039"},{"taxonomy":"post_tag","embeddable":true,"href":"https:\/\/archive.sana.sy\/tr\/index.php?rest_route=%2Fwp%2Fv2%2Ftags&post=249039"}],"curies":[{"name":"wp","href":"https:\/\/api.w.org\/{rel}","templated":true}]}}