{"id":249046,"date":"2022-01-25T18:59:49","date_gmt":"2022-01-25T16:59:49","guid":{"rendered":"http:\/\/107.6.182.27\/tr\/?p=249046"},"modified":"2022-01-26T08:57:46","modified_gmt":"2022-01-26T06:57:46","slug":"suriye-venezuelaya-dayatilan-cebri-tedbirleri-kaldirma-talebini-yineledi","status":"publish","type":"post","link":"https:\/\/archive.sana.sy\/tr\/?p=249046","title":{"rendered":"Suriye, Venezuela&#8217;ya Dayat\u0131lan Cebri Tedbirleri Kald\u0131rma Talebini Yineledi"},"content":{"rendered":"<p style=\"text-align: justify;\">CENEVRE \u2013 Suriye, Venez\u00fcella halk\u0131n\u0131 hedef alan ve ya\u015fam, sa\u011fl\u0131k, g\u0131da ve kalk\u0131nma hakk\u0131 da dahil olmak \u00fczere insan haklar\u0131n\u0131 ihlal eden ahlaks\u0131z ve tek tarafl\u0131 zorlay\u0131c\u0131 ekonomik \u00f6nlemlerin derhal kald\u0131r\u0131lmas\u0131 talebini yeniledi.<\/p>\n<p style=\"text-align: justify;\">Suriye&#8217;nin Cenevre&#8217;deki Birle\u015fmi\u015f Milletler Ofisi ve Uluslararas\u0131 \u00d6rg\u00fctler nezdindeki daimi temsilcisi, bug\u00fcn \u0130nsan Haklar\u0131 Konseyi toplant\u0131s\u0131nda, Venezuela Cumhuriyeti&#8217;nin insan haklar\u0131n\u0131n durumuna ili\u015fkin ulusal raporunun periyodik inceleme mekanizmas\u0131 \u00e7er\u00e7evesinde g\u00f6zden ge\u00e7irilmesine ayr\u0131lm\u0131\u015f bir bildiride, B\u00fcy\u00fckel\u00e7i Hussamettin Ala, Amerika&#8217;n\u0131n Venezuela&#8217;n\u0131n i\u00e7i\u015flerine m\u00fcdahalesini durdurma ve egemenli\u011fine, birlik yurtseverli\u011fine ve halk\u0131n\u0131n se\u00e7imlerine sayg\u0131 duyma gere\u011fini vurgulad\u0131.<\/p>\n<p style=\"text-align: justify;\">B\u00fcy\u00fckel\u00e7i Ala, Ba\u015fkan Yard\u0131mc\u0131s\u0131 Delcy Rodriguez taraf\u0131ndan temsil edilen Venez\u00fcella taraf\u0131ndan sunulan ulusal raporu ve bir \u00f6nceki g\u00f6zden ge\u00e7irmenin tavsiyelerini uygulamak i\u00e7in g\u00f6sterilen \u00e7abalar\u0131 kayderek, Venez\u00fcella h\u00fck\u00fcmeti taraf\u0131ndan ekonomik ambargoya kar\u015f\u0131 koymada ve ekonomik sava\u015fa kar\u015f\u0131 koymak i\u00e7in sosyal koruma mekanizmalar\u0131n\u0131 g\u00fc\u00e7lendirmede ve insan haklar\u0131ndan yararlanmay\u0131 engelleyen tek tarafl\u0131 zorlay\u0131c\u0131 \u00f6nlemleri izleme ve belgelemede benimsedi\u011fi politikalar\u0131n \u00f6nemini vurgulad\u0131.<\/p>\n<p style=\"text-align: justify;\">P.M.<\/p>\n","protected":false},"excerpt":{"rendered":"<p>CENEVRE \u2013 Suriye, Venez\u00fcella halk\u0131n\u0131 hedef alan ve ya\u015fam, sa\u011fl\u0131k, g\u0131da ve kalk\u0131nma hakk\u0131 da dahil olmak \u00fczere insan haklar\u0131n\u0131 ihlal eden ahlaks\u0131z ve tek tarafl\u0131 zorlay\u0131c\u0131 ekonomik \u00f6nlemlerin derhal kald\u0131r\u0131lmas\u0131 talebini yeniledi. Suriye&#8217;nin Cenevre&#8217;deki Birle\u015fmi\u015f Milletler Ofisi ve Uluslararas\u0131 \u00d6rg\u00fctler nezdindeki daimi temsilcisi, bug\u00fcn \u0130nsan Haklar\u0131 Konseyi toplant\u0131s\u0131nda, Venezuela Cumhuriyeti&#8217;nin insan haklar\u0131n\u0131n durumuna ili\u015fkin &hellip;<\/p>\n","protected":false},"author":1,"featured_media":249047,"comment_status":"closed","ping_status":"closed","sticky":false,"template":"","format":"standard","meta":{"footnotes":""},"categories":[458,459,17988],"tags":[],"class_list":["post-249046","post","type-post","status-publish","format-standard","has-post-thumbnail","","category-dunya1","category-haberler-arap-uluslararasi-politika","category-son-haberler"],"_links":{"self":[{"href":"https:\/\/archive.sana.sy\/tr\/index.php?rest_route=\/wp\/v2\/posts\/249046","targetHints":{"allow":["GET"]}}],"collection":[{"href":"https:\/\/archive.sana.sy\/tr\/index.php?rest_route=\/wp\/v2\/posts"}],"about":[{"href":"https:\/\/archive.sana.sy\/tr\/index.php?rest_route=\/wp\/v2\/types\/post"}],"author":[{"embeddable":true,"href":"https:\/\/archive.sana.sy\/tr\/index.php?rest_route=\/wp\/v2\/users\/1"}],"replies":[{"embeddable":true,"href":"https:\/\/archive.sana.sy\/tr\/index.php?rest_route=%2Fwp%2Fv2%2Fcomments&post=249046"}],"version-history":[{"count":0,"href":"https:\/\/archive.sana.sy\/tr\/index.php?rest_route=\/wp\/v2\/posts\/249046\/revisions"}],"wp:featuredmedia":[{"embeddable":true,"href":"https:\/\/archive.sana.sy\/tr\/index.php?rest_route=\/wp\/v2\/media\/249047"}],"wp:attachment":[{"href":"https:\/\/archive.sana.sy\/tr\/index.php?rest_route=%2Fwp%2Fv2%2Fmedia&parent=249046"}],"wp:term":[{"taxonomy":"category","embeddable":true,"href":"https:\/\/archive.sana.sy\/tr\/index.php?rest_route=%2Fwp%2Fv2%2Fcategories&post=249046"},{"taxonomy":"post_tag","embeddable":true,"href":"https:\/\/archive.sana.sy\/tr\/index.php?rest_route=%2Fwp%2Fv2%2Ftags&post=249046"}],"curies":[{"name":"wp","href":"https:\/\/api.w.org\/{rel}","templated":true}]}}