{"id":249049,"date":"2022-01-25T19:01:59","date_gmt":"2022-01-25T17:01:59","guid":{"rendered":"http:\/\/107.6.182.27\/tr\/?p=249049"},"modified":"2022-01-26T08:57:55","modified_gmt":"2022-01-26T06:57:55","slug":"insaat-ve-konut-alanlarinda-isbirligi-icin-suriye-belarus-gorusmeleri","status":"publish","type":"post","link":"https:\/\/archive.sana.sy\/tr\/?p=249049","title":{"rendered":"\u0130n\u015faat ve Konut Alanlar\u0131nda \u0130\u015fbirli\u011fi \u0130\u00e7in Suriye-Belarus G\u00f6r\u00fc\u015fmeleri"},"content":{"rendered":"<p>M\u0130NSK \u2013 Bay\u0131nd\u0131rl\u0131k ve \u0130skan Bakan\u0131 Suheyl Abdul Latif bug\u00fcn Minsk&#8217;te Belarus \u0130n\u015faat ve \u0130n\u015faat Bakan\u0131 Ruslan Barkhamovich ile in\u015faat, konut ve yeniden in\u015fa alanlar\u0131nda iki taraf aras\u0131ndaki olas\u0131 i\u015fbirli\u011fi f\u0131rsatlar\u0131n\u0131 g\u00f6r\u00fc\u015ft\u00fc.<\/p>\n<p>G\u00f6r\u00fc\u015fmede Bakan Abdel Latif, iki \u00fclke aras\u0131ndaki i\u015fbirli\u011fini Suriye&#8217;nin Belarus&#8217;un imar ve in\u015faat alan\u0131nda sahip oldu\u011fu yeteneklerden faydalanmas\u0131n\u0131 sa\u011flayacak \u015fekilde \u00e7er\u00e7evelemek i\u00e7in bir mutabakat zapt\u0131&#8217;na var\u0131lmas\u0131n\u0131n \u00f6nemine dikkat \u00e7ekti.<\/p>\n<p>\u0130ki bakan, iki bakanl\u0131\u011f\u0131n her iki \u00fclkedeki \u00e7al\u0131\u015fmalar\u0131 ve \u00e7al\u0131\u015fma alanlar\u0131nda oynad\u0131klar\u0131 rol hakk\u0131nda ayr\u0131nt\u0131l\u0131 bilgi verdi.<\/p>\n<p>Toplant\u0131ya, Planlama ve Uluslararas\u0131 \u0130\u015fbirli\u011fi Kurumu Ba\u015fkan\u0131 Dr.Fadi el Salti el Halil ve Suriye&#8217;nin Beyaz Rusya B\u00fcy\u00fckel\u00e7isi Muhammad el Amrani kat\u0131ld\u0131.<\/p>\n<p>Suriye-Belarus H\u00fck\u00fcmetleraras\u0131 Ekonomik ve Teknik \u0130\u015fbirli\u011fi Komitesi sekizinci oturumunun toplant\u0131lar\u0131 yar\u0131n Minsk&#8217;te yap\u0131lacak.<\/p>\n<p>P.M.<\/p>\n","protected":false},"excerpt":{"rendered":"<p>M\u0130NSK \u2013 Bay\u0131nd\u0131rl\u0131k ve \u0130skan Bakan\u0131 Suheyl Abdul Latif bug\u00fcn Minsk&#8217;te Belarus \u0130n\u015faat ve \u0130n\u015faat Bakan\u0131 Ruslan Barkhamovich ile in\u015faat, konut ve yeniden in\u015fa alanlar\u0131nda iki taraf aras\u0131ndaki olas\u0131 i\u015fbirli\u011fi f\u0131rsatlar\u0131n\u0131 g\u00f6r\u00fc\u015ft\u00fc. G\u00f6r\u00fc\u015fmede Bakan Abdel Latif, iki \u00fclke aras\u0131ndaki i\u015fbirli\u011fini Suriye&#8217;nin Belarus&#8217;un imar ve in\u015faat alan\u0131nda sahip oldu\u011fu yeteneklerden faydalanmas\u0131n\u0131 sa\u011flayacak \u015fekilde \u00e7er\u00e7evelemek i\u00e7in bir &hellip;<\/p>\n","protected":false},"author":1,"featured_media":249050,"comment_status":"closed","ping_status":"closed","sticky":false,"template":"","format":"standard","meta":{"footnotes":""},"categories":[458,459,17988],"tags":[],"class_list":["post-249049","post","type-post","status-publish","format-standard","has-post-thumbnail","","category-dunya1","category-haberler-arap-uluslararasi-politika","category-son-haberler"],"_links":{"self":[{"href":"https:\/\/archive.sana.sy\/tr\/index.php?rest_route=\/wp\/v2\/posts\/249049","targetHints":{"allow":["GET"]}}],"collection":[{"href":"https:\/\/archive.sana.sy\/tr\/index.php?rest_route=\/wp\/v2\/posts"}],"about":[{"href":"https:\/\/archive.sana.sy\/tr\/index.php?rest_route=\/wp\/v2\/types\/post"}],"author":[{"embeddable":true,"href":"https:\/\/archive.sana.sy\/tr\/index.php?rest_route=\/wp\/v2\/users\/1"}],"replies":[{"embeddable":true,"href":"https:\/\/archive.sana.sy\/tr\/index.php?rest_route=%2Fwp%2Fv2%2Fcomments&post=249049"}],"version-history":[{"count":0,"href":"https:\/\/archive.sana.sy\/tr\/index.php?rest_route=\/wp\/v2\/posts\/249049\/revisions"}],"wp:featuredmedia":[{"embeddable":true,"href":"https:\/\/archive.sana.sy\/tr\/index.php?rest_route=\/wp\/v2\/media\/249050"}],"wp:attachment":[{"href":"https:\/\/archive.sana.sy\/tr\/index.php?rest_route=%2Fwp%2Fv2%2Fmedia&parent=249049"}],"wp:term":[{"taxonomy":"category","embeddable":true,"href":"https:\/\/archive.sana.sy\/tr\/index.php?rest_route=%2Fwp%2Fv2%2Fcategories&post=249049"},{"taxonomy":"post_tag","embeddable":true,"href":"https:\/\/archive.sana.sy\/tr\/index.php?rest_route=%2Fwp%2Fv2%2Ftags&post=249049"}],"curies":[{"name":"wp","href":"https:\/\/api.w.org\/{rel}","templated":true}]}}