{"id":249052,"date":"2022-01-25T19:04:03","date_gmt":"2022-01-25T17:04:03","guid":{"rendered":"http:\/\/107.6.182.27\/tr\/?p=249052"},"modified":"2022-01-26T12:00:38","modified_gmt":"2022-01-26T10:00:38","slug":"bakanlar-kurulu-gunluk-dagitim-icin-3-5-milyon-litre-mazut-tahsisi-soguk-alanlara-oncelik-verildi","status":"publish","type":"post","link":"https:\/\/archive.sana.sy\/tr\/?p=249052","title":{"rendered":"Kabine: G\u00fcnl\u00fck Da\u011f\u0131t\u0131m \u0130\u00e7in 3.5 Milyon Litre Mazot Tahsisi.. \u00d6ncelik So\u011fuk B\u00f6lgelere"},"content":{"rendered":"<p style=\"text-align: justify;\">\u015eAM \u2013 Bakanlar Kurulu, bug\u00fcn M\u00fchendis Hussein Arnous ba\u015fkanl\u0131\u011f\u0131ndaki haftal\u0131k oturumunda, t\u00fcm sekt\u00f6rlerde mevcut madde miktar\u0131n\u0131n y\u00fczde 50&#8217;sini olu\u015fturan, g\u00fcnl\u00fck da\u011f\u0131t\u0131m i\u00e7in yakla\u015f\u0131k 3,5 milyon litre dizel yak\u0131t tahsisini onaylarken, t\u00fcm illerde da\u011f\u0131t\u0131m s\u00fcrecinin yo\u011funla\u015ft\u0131r\u0131ld\u0131\u011f\u0131n\u0131 ve hakim hava ko\u015fullar\u0131ndan etkilenen en so\u011fuk b\u00f6lgelere \u00f6ncelik verilmesi gerekti\u011fini vurgulad\u0131.<\/p>\n<p style=\"text-align: justify;\">Bakanlar Kurulu oturumunda, petrol t\u00fcrevleri ve elektrik enerjisinin ger\u00e7ekli\u011fini iyile\u015ftirmeye ve dost \u00fclkeler ve uluslararas\u0131 i\u015fbirli\u011fi ortaklar\u0131yla projelerin uygulanmas\u0131n\u0131 takip etmeye y\u00f6nelik \u00e7abalar\u0131n s\u00fcrekli takibini ve iki kat\u0131na \u00e7\u0131kar\u0131lmas\u0131n\u0131 vurgulad\u0131.<\/p>\n<p style=\"text-align: justify;\">Bakanlar Kurulu, her t\u00fcrl\u00fc ilac\u0131n piyasadaki varl\u0131\u011f\u0131n\u0131n art\u0131r\u0131lmas\u0131, fiyatlar\u0131n ve depolar\u0131n ve eczanelerin \u00e7al\u0131\u015fmalar\u0131n\u0131n kontrol edilmesi i\u00e7in uygun mekanizmalar\u0131n bulunmas\u0131 i\u00e7in ilgili bakanl\u0131klar ve ila\u00e7 laboratuvarlar\u0131 aras\u0131nda koordinasyon sa\u011flanmas\u0131 gerekti\u011fine de dikkat \u00e7ekti.<\/p>\n<p style=\"text-align: justify;\">\u00d6te yandan Ba\u015fbakan Arnus, bakan yard\u0131mc\u0131lar\u0131 ve genel m\u00fcd\u00fcrl\u00fck merkezlerinin etkinle\u015ftirilmesinin, bunlara yetki verilmesinin ve g\u00f6revlerinde belirtilenlere g\u00f6re \u00e7al\u0131\u015fma mekanizmalar\u0131n\u0131n geli\u015ftirilmesinde kilit rol verilmesinin \u00f6nemini yineledi.<\/p>\n<p style=\"text-align: justify;\">Kabine ayr\u0131ca, 2012 tarihli 66 say\u0131l\u0131 Kanun H\u00fckm\u00fcnde Kararname alan\u0131n\u0131 d\u00fczenleyen projedeki \u00e7al\u0131\u015fmalar\u0131n ilerleme a\u015famalar\u0131 ve i\u00e7inde uygulanan projeler ve belirtilenlere g\u00f6re tamamlanma y\u00fczdeleri hakk\u0131nda Yerel Y\u00f6netim ve \u00c7evre Bakanl\u0131\u011f\u0131&#8217;n\u0131n muht\u0131ras\u0131n\u0131 dinledi. Bu ba\u011flamda, projenin uygulanmas\u0131n\u0131n \u00f6n\u00fcndeki engellerin kald\u0131r\u0131laca\u011f\u0131 vurguland\u0131.<\/p>\n<p style=\"text-align: justify;\">Oturum s\u0131ras\u0131nda tart\u0131\u015f\u0131lan konular say\u0131s\u0131nda, Tar\u0131m ve Tar\u0131m Reformu Bakanl\u0131\u011f\u0131&#8217;n\u0131n a\u011fa\u00e7land\u0131rma dosyas\u0131 ve ormanlar\u0131n korunmas\u0131 ve yang\u0131nlardan zarar g\u00f6ren a\u011fa\u00e7lar\u0131n tazmini ve gelecek a\u011fa\u00e7land\u0131rma planlar\u0131na ili\u015fkin muht\u0131ras\u0131 hakk\u0131nda Kurul&#8217;a bilgi verildi. Bu ba\u011flamda, yang\u0131nlar i\u00e7in erken uyar\u0131 sisteminin tamamlanmas\u0131, orman korucular\u0131n\u0131n say\u0131s\u0131n\u0131n art\u0131r\u0131lmas\u0131 ve bir milyar Suriye sterlini de\u011ferinde 100 itfaiyecinin rehabilitasyonuna vurgu yap\u0131l\u0131rken, bah\u00e7esine veya uygun herhangi bir yere orman a\u011fac\u0131 dikmek isteyen her vatanda\u015fa 5 adet fidan\u0131 \u00fccretsiz olarak teslim etmesi teyit edildi.<\/p>\n<p style=\"text-align: justify;\">P.M.<\/p>\n","protected":false},"excerpt":{"rendered":"<p>\u015eAM \u2013 Bakanlar Kurulu, bug\u00fcn M\u00fchendis Hussein Arnous ba\u015fkanl\u0131\u011f\u0131ndaki haftal\u0131k oturumunda, t\u00fcm sekt\u00f6rlerde mevcut madde miktar\u0131n\u0131n y\u00fczde 50&#8217;sini olu\u015fturan, g\u00fcnl\u00fck da\u011f\u0131t\u0131m i\u00e7in yakla\u015f\u0131k 3,5 milyon litre dizel yak\u0131t tahsisini onaylarken, t\u00fcm illerde da\u011f\u0131t\u0131m s\u00fcrecinin yo\u011funla\u015ft\u0131r\u0131ld\u0131\u011f\u0131n\u0131 ve hakim hava ko\u015fullar\u0131ndan etkilenen en so\u011fuk b\u00f6lgelere \u00f6ncelik verilmesi gerekti\u011fini vurgulad\u0131. Bakanlar Kurulu oturumunda, petrol t\u00fcrevleri ve elektrik enerjisinin &hellip;<\/p>\n","protected":false},"author":1,"featured_media":249053,"comment_status":"closed","ping_status":"closed","sticky":false,"template":"","format":"standard","meta":{"footnotes":""},"categories":[485,479,486,17988,478],"tags":[],"class_list":["post-249052","post","type-post","status-publish","format-standard","has-post-thumbnail","","category-is-ve-sermaye","category-haberler-yerel","category-haberler-is-ve-sermaye","category-son-haberler","category-yerel"],"_links":{"self":[{"href":"https:\/\/archive.sana.sy\/tr\/index.php?rest_route=\/wp\/v2\/posts\/249052","targetHints":{"allow":["GET"]}}],"collection":[{"href":"https:\/\/archive.sana.sy\/tr\/index.php?rest_route=\/wp\/v2\/posts"}],"about":[{"href":"https:\/\/archive.sana.sy\/tr\/index.php?rest_route=\/wp\/v2\/types\/post"}],"author":[{"embeddable":true,"href":"https:\/\/archive.sana.sy\/tr\/index.php?rest_route=\/wp\/v2\/users\/1"}],"replies":[{"embeddable":true,"href":"https:\/\/archive.sana.sy\/tr\/index.php?rest_route=%2Fwp%2Fv2%2Fcomments&post=249052"}],"version-history":[{"count":0,"href":"https:\/\/archive.sana.sy\/tr\/index.php?rest_route=\/wp\/v2\/posts\/249052\/revisions"}],"wp:featuredmedia":[{"embeddable":true,"href":"https:\/\/archive.sana.sy\/tr\/index.php?rest_route=\/wp\/v2\/media\/249053"}],"wp:attachment":[{"href":"https:\/\/archive.sana.sy\/tr\/index.php?rest_route=%2Fwp%2Fv2%2Fmedia&parent=249052"}],"wp:term":[{"taxonomy":"category","embeddable":true,"href":"https:\/\/archive.sana.sy\/tr\/index.php?rest_route=%2Fwp%2Fv2%2Fcategories&post=249052"},{"taxonomy":"post_tag","embeddable":true,"href":"https:\/\/archive.sana.sy\/tr\/index.php?rest_route=%2Fwp%2Fv2%2Ftags&post=249052"}],"curies":[{"name":"wp","href":"https:\/\/api.w.org\/{rel}","templated":true}]}}