{"id":24906,"date":"2015-02-26T09:35:37","date_gmt":"2015-02-26T07:35:37","guid":{"rendered":"http:\/\/www.sana.sy\/tr\/?p=24906"},"modified":"2015-02-26T09:35:37","modified_gmt":"2015-02-26T07:35:37","slug":"iran-ile-bilim-teknoloji-alanlarinda-stratejik-isbirligi-olanaklari-incelendi","status":"publish","type":"post","link":"https:\/\/archive.sana.sy\/tr\/?p=24906","title":{"rendered":"\u0130ran \u0130le Bilim-Teknoloji Alanlar\u0131nda Stratejik \u0130\u015fbirli\u011fi Olanaklar\u0131 \u0130ncelendi"},"content":{"rendered":"<p>TAHRAN \u2013 \u0130ran Ba\u015fkan\u0131 Teknoloji \u0130\u015flerinden Sorumlu Yard\u0131mc\u0131s\u0131 Sorna Stary d\u00fcn Suriye Y\u00fcksek \u00d6\u011fretim Bakan\u0131 Muhammed Ammar el Mardini ile bir araya gelerek, Suriye&#8217;de bilimsel ve teknolojik geli\u015fime hizmet edecek stratejik i\u015fbirli\u011fi olanaklar\u0131n\u0131 inceledi.<\/p>\n<p>\u0130ran\u2019\u0131n, Suriye&#8217;nin bilimsel ve teknolojik alanda geli\u015fimi i\u00e7in gerekli b\u00fct\u00fcn deste\u011fi sunmaya haz\u0131r oldu\u011funu ifade eden Stary; Tahran\u2019\u0131n Suriyeli bilimsel kurumlar ve \u00fcniversitelerle her t\u00fcrl\u00fc i\u015fbirli\u011fine a\u00e7\u0131k oldu\u011funu belirti.<\/p>\n<p>\u00d6te yandan Suriye&#8217;de ya\u015fanmakta olan istisnai durumlara ili\u015fkin bir anlat\u0131m sunan Mardini; e\u011fitim \u00f6\u011fretim alan\u0131ndaki geli\u015fimlerin bu s\u00fcre\u00e7te daha b\u00fcy\u00fck bir \u00f6nem arz etti\u011fini vurgulad\u0131.<\/p>\n<p>Mardini, iki \u00fclke aras\u0131nda e\u011fiti-\u00f6\u011fretim ve bilimsel alanlarda i\u015fbirli\u011finin geli\u015ftirilmesinin Suriye&#8217;de yeni bir potansiyel ve kadro yeti\u015ftirmeye hizmet edece\u011fini ifade etti.<\/p>\n<p>Toplant\u0131da iki taraf aras\u0131nda k\u00fclt\u00fcrel ve bilimsel i\u015fbirli\u011fi \u00e7al\u0131\u015fmalar\u0131n\u0131 koordine ve takip edecek bir komisyon olu\u015fturulmas\u0131 gere\u011finde hemfikir olduklar\u0131n\u0131 beyan ettiler.<\/p>\n<p>Tahran\u2019da bulunan Suriyeli heyet T\u0131p ve Y\u00fcksek \u00d6\u011fretim alan\u0131nda bir dizi g\u00f6r\u00fc\u015fme yaparak fiili i\u015fbirli\u011fi anla\u015fmalar\u0131 imzalad\u0131.<\/p>\n<p>Suriyeli heyetin yapt\u0131\u011f\u0131 g\u00f6r\u00fc\u015fmelere Suriye&#8217;nin Tahran B\u00fcy\u00fckel\u00e7isi Dr. Adnan Mahmut e\u015flik etti.<\/p>\n<p>F.B. &#8211; R.H.<\/p>\n","protected":false},"excerpt":{"rendered":"<p>TAHRAN \u2013 \u0130ran Ba\u015fkan\u0131 Teknoloji \u0130\u015flerinden Sorumlu Yard\u0131mc\u0131s\u0131 Sorna Stary d\u00fcn Suriye Y\u00fcksek \u00d6\u011fretim Bakan\u0131 Muhammed Ammar el Mardini ile bir araya gelerek, Suriye&#8217;de bilimsel ve teknolojik geli\u015fime hizmet edecek stratejik i\u015fbirli\u011fi olanaklar\u0131n\u0131 inceledi. \u0130ran\u2019\u0131n, Suriye&#8217;nin bilimsel ve teknolojik alanda geli\u015fimi i\u00e7in gerekli b\u00fct\u00fcn deste\u011fi sunmaya haz\u0131r oldu\u011funu ifade eden Stary; Tahran\u2019\u0131n Suriyeli bilimsel kurumlar &hellip;<\/p>\n","protected":false},"author":1,"featured_media":24907,"comment_status":"closed","ping_status":"closed","sticky":false,"template":"","format":"standard","meta":{"footnotes":""},"categories":[485,486,459],"tags":[11860,11861],"class_list":["post-24906","post","type-post","status-publish","format-standard","has-post-thumbnail","","category-is-ve-sermaye","category-haberler-is-ve-sermaye","category-haberler-arap-uluslararasi-politika","tag-iran-ile-bilim-teknoloji-alanlarinda-stratejik-isbirligi-olanaklari-incelendi-tahran-iran-baskani-teknoloji-islerinden-sorumlu-yardimcisi-sorna-stary-dun-suriye-yuksek-ogretim-bakani-muhamme","tag-suriyede-bilimsel-ve-teknolojik-gelisime-hizmet-edecek-stratejik-isbirligi-olanaklarini-inceledi"],"_links":{"self":[{"href":"https:\/\/archive.sana.sy\/tr\/index.php?rest_route=\/wp\/v2\/posts\/24906","targetHints":{"allow":["GET"]}}],"collection":[{"href":"https:\/\/archive.sana.sy\/tr\/index.php?rest_route=\/wp\/v2\/posts"}],"about":[{"href":"https:\/\/archive.sana.sy\/tr\/index.php?rest_route=\/wp\/v2\/types\/post"}],"author":[{"embeddable":true,"href":"https:\/\/archive.sana.sy\/tr\/index.php?rest_route=\/wp\/v2\/users\/1"}],"replies":[{"embeddable":true,"href":"https:\/\/archive.sana.sy\/tr\/index.php?rest_route=%2Fwp%2Fv2%2Fcomments&post=24906"}],"version-history":[{"count":0,"href":"https:\/\/archive.sana.sy\/tr\/index.php?rest_route=\/wp\/v2\/posts\/24906\/revisions"}],"wp:featuredmedia":[{"embeddable":true,"href":"https:\/\/archive.sana.sy\/tr\/index.php?rest_route=\/wp\/v2\/media\/24907"}],"wp:attachment":[{"href":"https:\/\/archive.sana.sy\/tr\/index.php?rest_route=%2Fwp%2Fv2%2Fmedia&parent=24906"}],"wp:term":[{"taxonomy":"category","embeddable":true,"href":"https:\/\/archive.sana.sy\/tr\/index.php?rest_route=%2Fwp%2Fv2%2Fcategories&post=24906"},{"taxonomy":"post_tag","embeddable":true,"href":"https:\/\/archive.sana.sy\/tr\/index.php?rest_route=%2Fwp%2Fv2%2Ftags&post=24906"}],"curies":[{"name":"wp","href":"https:\/\/api.w.org\/{rel}","templated":true}]}}