{"id":24920,"date":"2015-02-26T10:08:21","date_gmt":"2015-02-26T08:08:21","guid":{"rendered":"http:\/\/www.sana.sy\/tr\/?p=24920"},"modified":"2015-02-26T10:08:21","modified_gmt":"2015-02-26T08:08:21","slug":"ordu-bahreynli-el-rifa-takimini-asya-federasyon-kupasinda-1-0-galip-geldi","status":"publish","type":"post","link":"https:\/\/archive.sana.sy\/tr\/?p=24920","title":{"rendered":"Ordu Bahreynli el Rifa Tak\u0131m\u0131n\u0131 Asya Federasyon Kupas\u0131nda 1-0 Galip Geldi"},"content":{"rendered":"<p>MANAMA \u2013 Asya Federasyon Kupas\u0131 \u015fampiyonas\u0131nda 4. Gruptaki a\u00e7\u0131l\u0131\u015f ma\u00e7\u0131nda Ordu futbol tak\u0131m\u0131m\u0131z Bahreyn\u2019in ba\u015fkenti Manama\u2019da d\u00fcn el Rifa tak\u0131m\u0131na kar\u015f\u0131 oynad\u0131\u011f\u0131 kar\u015f\u0131la\u015fmay\u0131 1-0 kazand\u0131.<\/p>\n<p>65. dakikada el Rifa tak\u0131m\u0131 savunma oyuncusunun topu kalecisine vermesiyle olu\u015fan hatay\u0131 de\u011ferlendiren Basil Mustafa tak\u0131m\u0131na 3 puan\u0131 getirdi.<\/p>\n<p>Kuveyt\u2019in Kuveyt tak\u0131m\u0131 ise L\u00fcbnanl\u0131 el Necme tak\u0131m\u0131n\u0131 4-1 yenmesiyle ordu tak\u0131m\u0131 grupta gol fark\u0131yla 2. s\u0131rada yer ald\u0131.<\/p>\n<p>Ordu ikinci ma\u00e7\u0131nda\u00a0 11 Mart\u2019ta L\u00fcbnanl\u0131 el Necme tak\u0131m\u0131yla bir araya gelecek.<\/p>\n<p>\u015eampiyonaya 5. kez kat\u0131lan ordu tak\u0131m\u0131 2004 y\u0131l\u0131nda kendi \u00fclkesi tak\u0131mlar\u0131ndan el Vahde\u2019yi ma\u011flup ederek kupay\u0131 alm\u0131\u015ft\u0131.<\/p>\n<p>S.\u015e. &#8211; R. H.<\/p>\n","protected":false},"excerpt":{"rendered":"<p>MANAMA \u2013 Asya Federasyon Kupas\u0131 \u015fampiyonas\u0131nda 4. Gruptaki a\u00e7\u0131l\u0131\u015f ma\u00e7\u0131nda Ordu futbol tak\u0131m\u0131m\u0131z Bahreyn\u2019in ba\u015fkenti Manama\u2019da d\u00fcn el Rifa tak\u0131m\u0131na kar\u015f\u0131 oynad\u0131\u011f\u0131 kar\u015f\u0131la\u015fmay\u0131 1-0 kazand\u0131. 65. dakikada el Rifa tak\u0131m\u0131 savunma oyuncusunun topu kalecisine vermesiyle olu\u015fan hatay\u0131 de\u011ferlendiren Basil Mustafa tak\u0131m\u0131na 3 puan\u0131 getirdi. Kuveyt\u2019in Kuveyt tak\u0131m\u0131 ise L\u00fcbnanl\u0131 el Necme tak\u0131m\u0131n\u0131 4-1 yenmesiyle ordu &hellip;<\/p>\n","protected":false},"author":1,"featured_media":24921,"comment_status":"closed","ping_status":"closed","sticky":false,"template":"","format":"standard","meta":{"footnotes":""},"categories":[498,496],"tags":[11864],"class_list":["post-24920","post","type-post","status-publish","format-standard","has-post-thumbnail","","category-dunya-turnuvalari","category-spor","tag-ordu-bahreynli-el-rifa-takimini-asya-federasyon-kupasinda-1-0-galip-geldi-manama-asya-federasyon-kupasi-sampiyonasinda-4-gruptaki-acilis-macinda-ordu-futbol-takimimiz-bahreynin-bas"],"_links":{"self":[{"href":"https:\/\/archive.sana.sy\/tr\/index.php?rest_route=\/wp\/v2\/posts\/24920","targetHints":{"allow":["GET"]}}],"collection":[{"href":"https:\/\/archive.sana.sy\/tr\/index.php?rest_route=\/wp\/v2\/posts"}],"about":[{"href":"https:\/\/archive.sana.sy\/tr\/index.php?rest_route=\/wp\/v2\/types\/post"}],"author":[{"embeddable":true,"href":"https:\/\/archive.sana.sy\/tr\/index.php?rest_route=\/wp\/v2\/users\/1"}],"replies":[{"embeddable":true,"href":"https:\/\/archive.sana.sy\/tr\/index.php?rest_route=%2Fwp%2Fv2%2Fcomments&post=24920"}],"version-history":[{"count":0,"href":"https:\/\/archive.sana.sy\/tr\/index.php?rest_route=\/wp\/v2\/posts\/24920\/revisions"}],"wp:featuredmedia":[{"embeddable":true,"href":"https:\/\/archive.sana.sy\/tr\/index.php?rest_route=\/wp\/v2\/media\/24921"}],"wp:attachment":[{"href":"https:\/\/archive.sana.sy\/tr\/index.php?rest_route=%2Fwp%2Fv2%2Fmedia&parent=24920"}],"wp:term":[{"taxonomy":"category","embeddable":true,"href":"https:\/\/archive.sana.sy\/tr\/index.php?rest_route=%2Fwp%2Fv2%2Fcategories&post=24920"},{"taxonomy":"post_tag","embeddable":true,"href":"https:\/\/archive.sana.sy\/tr\/index.php?rest_route=%2Fwp%2Fv2%2Ftags&post=24920"}],"curies":[{"name":"wp","href":"https:\/\/api.w.org\/{rel}","templated":true}]}}