{"id":24926,"date":"2015-02-26T10:14:16","date_gmt":"2015-02-26T08:14:16","guid":{"rendered":"http:\/\/www.sana.sy\/tr\/?p=24926"},"modified":"2015-02-26T10:14:16","modified_gmt":"2015-02-26T08:14:16","slug":"askeri-kaynak-ordu-birliklerimizin-yetkili-birimlerin-isbirligi-dahilinde-homs-el-aidin-kampinda-teroristlerin-bir-hucresine-yonelik-duzenledigi-basarili-baskin-operasyonu-sonucunda-bazi-teroristleri","status":"publish","type":"post","link":"https:\/\/archive.sana.sy\/tr\/?p=24926","title":{"rendered":"Askeri kaynak, ordu birliklerimizin yetkili birimlerin i\u015fbirli\u011fi dahilinde Homs el Aidin Kamp\u0131nda ter\u00f6ristlerin bir h\u00fccresine y\u00f6nelik d\u00fczenledi\u011fi ba\u015far\u0131l\u0131 bask\u0131n operasyonu sonucunda baz\u0131 ter\u00f6ristleri \u00f6l\u00fc d\u00fc\u015f\u00fcrerek muhtelif t\u00fcr silah ve cephaneye el koyduklar\u0131n\u0131 belirtti."},"content":{"rendered":"<p>Askeri kaynak, ordu birliklerimizin yetkili birimlerin i\u015fbirli\u011fi dahilinde Homs el Aidin Kamp\u0131nda ter\u00f6ristlerin bir h\u00fccresine y\u00f6nelik d\u00fczenledi\u011fi ba\u015far\u0131l\u0131 bask\u0131n operasyonu sonucunda baz\u0131 ter\u00f6ristleri \u00f6l\u00fc d\u00fc\u015f\u00fcrerek muhtelif t\u00fcr silah ve cephaneye el koyduklar\u0131n\u0131 belirtti.<\/p>\n","protected":false},"excerpt":{"rendered":"<p>Askeri kaynak, ordu birliklerimizin yetkili birimlerin i\u015fbirli\u011fi dahilinde Homs el Aidin Kamp\u0131nda ter\u00f6ristlerin bir h\u00fccresine y\u00f6nelik d\u00fczenledi\u011fi ba\u015far\u0131l\u0131 bask\u0131n operasyonu sonucunda baz\u0131 ter\u00f6ristleri \u00f6l\u00fc d\u00fc\u015f\u00fcrerek muhtelif t\u00fcr silah ve cephaneye el koyduklar\u0131n\u0131 belirtti.<\/p>\n","protected":false},"author":1,"featured_media":0,"comment_status":"closed","ping_status":"closed","sticky":false,"template":"","format":"standard","meta":{"footnotes":""},"categories":[1],"tags":[1031,11867],"class_list":["post-24926","post","type-post","status-publish","format-standard","","category-news-not-sorted","tag-askeri-kaynak","tag-ordu-birliklerimizin-yetkili-birimlerin-isbirligi-dahilinde-homs-el-aidin-kampinda-teroristlerin-bir-hucresine-yonelik-duzenledigi-basarili-baskin-operasyonu-sonucunda-bazi-teroristleri-olu-dusurerek"],"_links":{"self":[{"href":"https:\/\/archive.sana.sy\/tr\/index.php?rest_route=\/wp\/v2\/posts\/24926","targetHints":{"allow":["GET"]}}],"collection":[{"href":"https:\/\/archive.sana.sy\/tr\/index.php?rest_route=\/wp\/v2\/posts"}],"about":[{"href":"https:\/\/archive.sana.sy\/tr\/index.php?rest_route=\/wp\/v2\/types\/post"}],"author":[{"embeddable":true,"href":"https:\/\/archive.sana.sy\/tr\/index.php?rest_route=\/wp\/v2\/users\/1"}],"replies":[{"embeddable":true,"href":"https:\/\/archive.sana.sy\/tr\/index.php?rest_route=%2Fwp%2Fv2%2Fcomments&post=24926"}],"version-history":[{"count":0,"href":"https:\/\/archive.sana.sy\/tr\/index.php?rest_route=\/wp\/v2\/posts\/24926\/revisions"}],"wp:attachment":[{"href":"https:\/\/archive.sana.sy\/tr\/index.php?rest_route=%2Fwp%2Fv2%2Fmedia&parent=24926"}],"wp:term":[{"taxonomy":"category","embeddable":true,"href":"https:\/\/archive.sana.sy\/tr\/index.php?rest_route=%2Fwp%2Fv2%2Fcategories&post=24926"},{"taxonomy":"post_tag","embeddable":true,"href":"https:\/\/archive.sana.sy\/tr\/index.php?rest_route=%2Fwp%2Fv2%2Ftags&post=24926"}],"curies":[{"name":"wp","href":"https:\/\/api.w.org\/{rel}","templated":true}]}}