{"id":24928,"date":"2015-02-26T11:20:18","date_gmt":"2015-02-26T09:20:18","guid":{"rendered":"http:\/\/www.sana.sy\/tr\/?p=24928"},"modified":"2015-02-26T11:20:18","modified_gmt":"2015-02-26T09:20:18","slug":"urdun-ordusu-suriyeden-gelen-ve-urdun-topraklarina-girmeye-calisan-5-silahliyi-oldurdu","status":"publish","type":"post","link":"https:\/\/archive.sana.sy\/tr\/?p=24928","title":{"rendered":"\u00dcrd\u00fcn Ordusu Suriye\u2019den Gelen ve \u00dcrd\u00fcn Topraklar\u0131na Girmeye \u00c7al\u0131\u015fan 5 Silahl\u0131y\u0131 \u00d6ld\u00fcrd\u00fc"},"content":{"rendered":"<p>AMMAN \u2013 \u00dcrd\u00fcn ordu kuvvetleri, Suriye topraklar\u0131 \u00fczerinden gelen ve \u00dcrd\u00fcn topraklar\u0131na \u201cme\u015fru olmayan\u201d yollarla ge\u00e7me giri\u015fimleri esnas\u0131nda silahl\u0131 5 ki\u015fiyi \u00f6ld\u00fcrd\u00fc.<\/p>\n<p>\u00dcrd\u00fcn askeri kayna\u011f\u0131, uyar\u0131 ate\u015fine ra\u011fmen silahl\u0131lar\u0131n durmad\u0131\u011f\u0131n\u0131, \u00fczerlerine a\u00e7\u0131lan ate\u015f sonucunda da 4 silahl\u0131n\u0131n \u00f6ld\u00fc\u011f\u00fcn\u00fc 5.sinin de a\u011f\u0131r yaraland\u0131\u011f\u0131n\u0131, daha sonras\u0131nda ald\u0131\u011f\u0131 isabet sonucunda \u00f6ld\u00fc\u011f\u00fcn\u00fc s\u00f6yledi.<\/p>\n<p>Askeri kaynak, nereden olursa olsun s\u0131n\u0131rlar\u0131 me\u015fru olmayan \u015fekilde ge\u00e7mek isteyen her fert veya cemaate kar\u015f\u0131 ate\u015f a\u00e7\u0131laca\u011f\u0131n\u0131 ifade etti.<\/p>\n<p>\u00dcrd\u00fcn ordusu d\u00fcn de, \u00dcrd\u00fcn topraklar\u0131na do\u011fru Suriye s\u0131n\u0131r\u0131n\u0131 a\u015fmaya \u00e7al\u0131\u015fan bir arac\u0131 imha ettiklerini, herhangi bir ayr\u0131nt\u0131 verilmeden i\u00e7inde bulunan iki silahl\u0131n\u0131n \u00f6ld\u00fc\u011f\u00fcn\u00fc a\u00e7\u0131klam\u0131\u015ft\u0131.<\/p>\n<p>S.\u015e. &#8211; R.H.<\/p>\n","protected":false},"excerpt":{"rendered":"<p>AMMAN \u2013 \u00dcrd\u00fcn ordu kuvvetleri, Suriye topraklar\u0131 \u00fczerinden gelen ve \u00dcrd\u00fcn topraklar\u0131na \u201cme\u015fru olmayan\u201d yollarla ge\u00e7me giri\u015fimleri esnas\u0131nda silahl\u0131 5 ki\u015fiyi \u00f6ld\u00fcrd\u00fc. \u00dcrd\u00fcn askeri kayna\u011f\u0131, uyar\u0131 ate\u015fine ra\u011fmen silahl\u0131lar\u0131n durmad\u0131\u011f\u0131n\u0131, \u00fczerlerine a\u00e7\u0131lan ate\u015f sonucunda da 4 silahl\u0131n\u0131n \u00f6ld\u00fc\u011f\u00fcn\u00fc 5.sinin de a\u011f\u0131r yaraland\u0131\u011f\u0131n\u0131, daha sonras\u0131nda ald\u0131\u011f\u0131 isabet sonucunda \u00f6ld\u00fc\u011f\u00fcn\u00fc s\u00f6yledi. Askeri kaynak, nereden olursa olsun s\u0131n\u0131rlar\u0131 &hellip;<\/p>\n","protected":false},"author":1,"featured_media":24931,"comment_status":"closed","ping_status":"closed","sticky":false,"template":"","format":"standard","meta":{"footnotes":""},"categories":[458,459,447],"tags":[11871,11870],"class_list":["post-24928","post","type-post","status-publish","format-standard","has-post-thumbnail","","category-dunya1","category-haberler-arap-uluslararasi-politika","category-politika","tag-suriye-topraklari-uzerinden-gelen-ve-urdun-topraklarina-mesru-olmayan-yollarla-gecme-girisimleri-esnasinda-silahli-5-kisiyi-oldurdu","tag-urdun-ordusu-suriyeden-gelen-ve-urdun-topraklarina-girmeye-calisan-5-silahliyi-oldurdu-amman-urdun-ordu-kuvvetleri"],"_links":{"self":[{"href":"https:\/\/archive.sana.sy\/tr\/index.php?rest_route=\/wp\/v2\/posts\/24928","targetHints":{"allow":["GET"]}}],"collection":[{"href":"https:\/\/archive.sana.sy\/tr\/index.php?rest_route=\/wp\/v2\/posts"}],"about":[{"href":"https:\/\/archive.sana.sy\/tr\/index.php?rest_route=\/wp\/v2\/types\/post"}],"author":[{"embeddable":true,"href":"https:\/\/archive.sana.sy\/tr\/index.php?rest_route=\/wp\/v2\/users\/1"}],"replies":[{"embeddable":true,"href":"https:\/\/archive.sana.sy\/tr\/index.php?rest_route=%2Fwp%2Fv2%2Fcomments&post=24928"}],"version-history":[{"count":0,"href":"https:\/\/archive.sana.sy\/tr\/index.php?rest_route=\/wp\/v2\/posts\/24928\/revisions"}],"wp:featuredmedia":[{"embeddable":true,"href":"https:\/\/archive.sana.sy\/tr\/index.php?rest_route=\/wp\/v2\/media\/24931"}],"wp:attachment":[{"href":"https:\/\/archive.sana.sy\/tr\/index.php?rest_route=%2Fwp%2Fv2%2Fmedia&parent=24928"}],"wp:term":[{"taxonomy":"category","embeddable":true,"href":"https:\/\/archive.sana.sy\/tr\/index.php?rest_route=%2Fwp%2Fv2%2Fcategories&post=24928"},{"taxonomy":"post_tag","embeddable":true,"href":"https:\/\/archive.sana.sy\/tr\/index.php?rest_route=%2Fwp%2Fv2%2Ftags&post=24928"}],"curies":[{"name":"wp","href":"https:\/\/api.w.org\/{rel}","templated":true}]}}