{"id":24933,"date":"2015-02-26T11:28:36","date_gmt":"2015-02-26T09:28:36","guid":{"rendered":"http:\/\/www.sana.sy\/tr\/?p=24933"},"modified":"2015-02-26T11:34:32","modified_gmt":"2015-02-26T09:34:32","slug":"teroristlerin-sivillere-yonelik-yerlestirdigi-bomba-duzenegi-patladi-3-yarali","status":"publish","type":"post","link":"https:\/\/archive.sana.sy\/tr\/?p=24933","title":{"rendered":"Ter\u00f6ristlerin Sivillere Y\u00f6nelik Yerle\u015ftirdi\u011fi Bomba D\u00fczene\u011fi Patlad\u0131.. 3 Yaral\u0131"},"content":{"rendered":"<p>S\u00dcVEYDA \u2013 Ter\u00f6ristlerin S\u00fcveyda ili kuzeybat\u0131 k\u0131rsal\u0131n\u0131n el Harsa K\u00f6y\u00fcnde yerle\u015ftirdikleri bomba d\u00fczene\u011finin bu sabah infilak etmesi sonucunda 3 vatanda\u015f yaraland\u0131.<\/p>\n<p><a href=\"http:\/\/www.sana.sy\/tr\/wp-content\/uploads\/2015\/02\/S\u00fcveydada-Patlama-2.jpg\"><img loading=\"lazy\" decoding=\"async\" class=\" size-medium wp-image-24936 alignright\" src=\"http:\/\/www.sana.sy\/tr\/wp-content\/uploads\/2015\/02\/S\u00fcveydada-Patlama-2-220x300.jpg\" alt=\"S\u00fcveyda'da Patlama 2\" width=\"220\" height=\"300\" srcset=\"https:\/\/archive.sana.sy\/tr\/wp-content\/uploads\/2015\/02\/S\u00fcveydada-Patlama-2-220x300.jpg 220w, https:\/\/archive.sana.sy\/tr\/wp-content\/uploads\/2015\/02\/S\u00fcveydada-Patlama-2-110x150.jpg 110w, https:\/\/archive.sana.sy\/tr\/wp-content\/uploads\/2015\/02\/S\u00fcveydada-Patlama-2.jpg 681w\" sizes=\"auto, (max-width: 220px) 100vw, 220px\" \/><\/a>\u0130l Emniyet M\u00fcd\u00fcrl\u00fc\u011f\u00fc kayna\u011f\u0131 SANA muhabirine a\u00e7\u0131klamas\u0131nda, ter\u00f6ristlerin sabah\u0131n erken saatlerinde (03:30) Emcet Duvvara adl\u0131 vatanda\u015f\u0131n evi civar\u0131na yerle\u015ftirdikleri bomba d\u00fczene\u011finin infilak etmesi sonucunda kendisi, e\u015fi ve k\u0131z \u00e7ocu\u011funun yaralanmas\u0131na neden oldu\u011funu, bunun sonucunda yaral\u0131lar\u0131n S\u00fcveyda Vatani Hastanesine ta\u015f\u0131nd\u0131klar\u0131n\u0131 s\u00f6yledi.<\/p>\n<p>Kaynak, patlaman\u0131n K\u00f6y\u00fcn kuzeybat\u0131s\u0131nda yer alan evde maddi hasarlara yol a\u00e7t\u0131\u011f\u0131n\u0131 beyan etti.<\/p>\n<p>El Harsa, S\u00fcveyda il merkezinden 35 km uzakl\u0131kta olup, tekfiri ter\u00f6r \u00f6rg\u00fctleriyle birlikte Nusra Cephesinin merkez edindi\u011fi Lucat B\u00f6lgesi k\u00f6ylerinden say\u0131lmaktad\u0131r.<\/p>\n<p>S.\u015e. &#8211; R.H.<\/p>\n","protected":false},"excerpt":{"rendered":"<p>S\u00dcVEYDA \u2013 Ter\u00f6ristlerin S\u00fcveyda ili kuzeybat\u0131 k\u0131rsal\u0131n\u0131n el Harsa K\u00f6y\u00fcnde yerle\u015ftirdikleri bomba d\u00fczene\u011finin bu sabah infilak etmesi sonucunda 3 vatanda\u015f yaraland\u0131. \u0130l Emniyet M\u00fcd\u00fcrl\u00fc\u011f\u00fc kayna\u011f\u0131 SANA muhabirine a\u00e7\u0131klamas\u0131nda, ter\u00f6ristlerin sabah\u0131n erken saatlerinde (03:30) Emcet Duvvara adl\u0131 vatanda\u015f\u0131n evi civar\u0131na yerle\u015ftirdikleri bomba d\u00fczene\u011finin infilak etmesi sonucunda kendisi, e\u015fi ve k\u0131z \u00e7ocu\u011funun yaralanmas\u0131na neden oldu\u011funu, bunun sonucunda &hellip;<\/p>\n","protected":false},"author":1,"featured_media":24935,"comment_status":"closed","ping_status":"closed","sticky":false,"template":"","format":"standard","meta":{"footnotes":""},"categories":[479,575,478],"tags":[11872],"class_list":["post-24933","post","type-post","status-publish","format-standard","has-post-thumbnail","","category-haberler-yerel","category-olaylar-ve-gercekler","category-yerel","tag-teroristlerin-sivillere-yonelik-yerlestirdigi-bomba-duzenegi-patladi-3-yarali-suveyda-teroristlerin-suveyda-ili-kuzeybati-kirsalinin-el-harsa-koyunde-yerlestirdikleri-bomba-duzeneginin-bu"],"_links":{"self":[{"href":"https:\/\/archive.sana.sy\/tr\/index.php?rest_route=\/wp\/v2\/posts\/24933","targetHints":{"allow":["GET"]}}],"collection":[{"href":"https:\/\/archive.sana.sy\/tr\/index.php?rest_route=\/wp\/v2\/posts"}],"about":[{"href":"https:\/\/archive.sana.sy\/tr\/index.php?rest_route=\/wp\/v2\/types\/post"}],"author":[{"embeddable":true,"href":"https:\/\/archive.sana.sy\/tr\/index.php?rest_route=\/wp\/v2\/users\/1"}],"replies":[{"embeddable":true,"href":"https:\/\/archive.sana.sy\/tr\/index.php?rest_route=%2Fwp%2Fv2%2Fcomments&post=24933"}],"version-history":[{"count":0,"href":"https:\/\/archive.sana.sy\/tr\/index.php?rest_route=\/wp\/v2\/posts\/24933\/revisions"}],"wp:featuredmedia":[{"embeddable":true,"href":"https:\/\/archive.sana.sy\/tr\/index.php?rest_route=\/wp\/v2\/media\/24935"}],"wp:attachment":[{"href":"https:\/\/archive.sana.sy\/tr\/index.php?rest_route=%2Fwp%2Fv2%2Fmedia&parent=24933"}],"wp:term":[{"taxonomy":"category","embeddable":true,"href":"https:\/\/archive.sana.sy\/tr\/index.php?rest_route=%2Fwp%2Fv2%2Fcategories&post=24933"},{"taxonomy":"post_tag","embeddable":true,"href":"https:\/\/archive.sana.sy\/tr\/index.php?rest_route=%2Fwp%2Fv2%2Ftags&post=24933"}],"curies":[{"name":"wp","href":"https:\/\/api.w.org\/{rel}","templated":true}]}}