{"id":24938,"date":"2015-02-26T12:22:31","date_gmt":"2015-02-26T10:22:31","guid":{"rendered":"http:\/\/www.sana.sy\/tr\/?p=24938"},"modified":"2015-02-26T12:22:31","modified_gmt":"2015-02-26T10:22:31","slug":"tahtrevanci-suriye-krizinden-cikisin-tek-yolu-siyasi-cozum","status":"publish","type":"post","link":"https:\/\/archive.sana.sy\/tr\/?p=24938","title":{"rendered":"Tahtrevanc\u0131: Suriye Krizinden \u00c7\u0131k\u0131\u015f\u0131n Tek Yolu Siyasi \u00c7\u00f6z\u00fcm"},"content":{"rendered":"<p>KOPENHAGEN \u2013 Avrupa ve Amerika i\u015flerinden sorumlu \u0130ran D\u0131\u015fi\u015fleri Bakan Yard\u0131mc\u0131s\u0131 Mecit Tahtrevanc\u0131, Suriye\u2019nin ge\u00e7ti\u011fi krizden tek \u00e7\u0131k\u0131\u015f yolunun siyasi \u00e7\u00f6z\u00fcm oldu\u011funu belirtti.<\/p>\n<p>Tahtrevanc\u0131, \u0130ran\u2019\u0131n Suriye halk\u0131n\u0131n isteklerine cevap verecek siyasi \u00e7\u00f6z\u00fcme varma yolunda aktif ve yap\u0131c\u0131 rol almaya haz\u0131r oldu\u011funu vurgulad\u0131.<\/p>\n<p>\u0130ran Haber ajans\u0131 \u0130RN, Tahtrevanc\u0131\u2019n\u0131n Kopenhagen\u2019de Danimarka D\u0131\u015fi\u015fleri Bakan\u0131 Martin Ledegard ile g\u00f6r\u00fc\u015fmesi s\u0131ras\u0131nda, tekfiri ter\u00f6r \u00f6rg\u00fctlerinin b\u00f6lge ve Danimarka dahil d\u00fcnyadaki di\u011fer \u00fclkelerde i\u015fledi\u011fi ter\u00f6r uygulamalar\u0131n\u0131 t\u00fcm \u015fekilleriyle k\u0131nad\u0131klar\u0131n\u0131 belirtti.<\/p>\n<p>Tahtrevanc\u0131 ayr\u0131ca, ter\u00f6r\u00fcn bug\u00fcn uluslararas\u0131 topluma kar\u015f\u0131 ger\u00e7ek bir tehdit olu\u015fturdu\u011funu, m\u00fccadelesinde de uluslararas\u0131 bir i\u015fbirli\u011fi gerektirdi\u011fini s\u00f6yledi.<\/p>\n<p>S.\u015e. &#8211; R.H.<\/p>\n","protected":false},"excerpt":{"rendered":"<p>KOPENHAGEN \u2013 Avrupa ve Amerika i\u015flerinden sorumlu \u0130ran D\u0131\u015fi\u015fleri Bakan Yard\u0131mc\u0131s\u0131 Mecit Tahtrevanc\u0131, Suriye\u2019nin ge\u00e7ti\u011fi krizden tek \u00e7\u0131k\u0131\u015f yolunun siyasi \u00e7\u00f6z\u00fcm oldu\u011funu belirtti. Tahtrevanc\u0131, \u0130ran\u2019\u0131n Suriye halk\u0131n\u0131n isteklerine cevap verecek siyasi \u00e7\u00f6z\u00fcme varma yolunda aktif ve yap\u0131c\u0131 rol almaya haz\u0131r oldu\u011funu vurgulad\u0131. \u0130ran Haber ajans\u0131 \u0130RN, Tahtrevanc\u0131\u2019n\u0131n Kopenhagen\u2019de Danimarka D\u0131\u015fi\u015fleri Bakan\u0131 Martin Ledegard ile g\u00f6r\u00fc\u015fmesi &hellip;<\/p>\n","protected":false},"author":1,"featured_media":24947,"comment_status":"closed","ping_status":"closed","sticky":false,"template":"","format":"standard","meta":{"footnotes":""},"categories":[458,459,447],"tags":[11881,11880],"class_list":["post-24938","post","type-post","status-publish","format-standard","has-post-thumbnail","","category-dunya1","category-haberler-arap-uluslararasi-politika","category-politika","tag-suriyenin-gectigi-krizden-tek-cikis-yolunun-siyasi-cozum-oldugunu-belirtti","tag-tahtrevanci-suriye-krizinden-cikisin-tek-yolu-siyasi-cozum-kopenhagen-avrupa-ve-amerika-islerinden-sorumlu-iran-disisleri-bakan-yardimcisi-mecit-tahtrevanci"],"_links":{"self":[{"href":"https:\/\/archive.sana.sy\/tr\/index.php?rest_route=\/wp\/v2\/posts\/24938","targetHints":{"allow":["GET"]}}],"collection":[{"href":"https:\/\/archive.sana.sy\/tr\/index.php?rest_route=\/wp\/v2\/posts"}],"about":[{"href":"https:\/\/archive.sana.sy\/tr\/index.php?rest_route=\/wp\/v2\/types\/post"}],"author":[{"embeddable":true,"href":"https:\/\/archive.sana.sy\/tr\/index.php?rest_route=\/wp\/v2\/users\/1"}],"replies":[{"embeddable":true,"href":"https:\/\/archive.sana.sy\/tr\/index.php?rest_route=%2Fwp%2Fv2%2Fcomments&post=24938"}],"version-history":[{"count":0,"href":"https:\/\/archive.sana.sy\/tr\/index.php?rest_route=\/wp\/v2\/posts\/24938\/revisions"}],"wp:featuredmedia":[{"embeddable":true,"href":"https:\/\/archive.sana.sy\/tr\/index.php?rest_route=\/wp\/v2\/media\/24947"}],"wp:attachment":[{"href":"https:\/\/archive.sana.sy\/tr\/index.php?rest_route=%2Fwp%2Fv2%2Fmedia&parent=24938"}],"wp:term":[{"taxonomy":"category","embeddable":true,"href":"https:\/\/archive.sana.sy\/tr\/index.php?rest_route=%2Fwp%2Fv2%2Fcategories&post=24938"},{"taxonomy":"post_tag","embeddable":true,"href":"https:\/\/archive.sana.sy\/tr\/index.php?rest_route=%2Fwp%2Fv2%2Ftags&post=24938"}],"curies":[{"name":"wp","href":"https:\/\/api.w.org\/{rel}","templated":true}]}}