{"id":249415,"date":"2022-01-30T20:01:54","date_gmt":"2022-01-30T18:01:54","guid":{"rendered":"http:\/\/107.6.182.27\/tr\/?p=249415"},"modified":"2022-02-02T08:33:14","modified_gmt":"2022-02-02T06:33:14","slug":"misir-afrika-kupasinda-adini-yari-finale-100-dakikada-yazdirdi","status":"publish","type":"post","link":"https:\/\/archive.sana.sy\/tr\/?p=249415","title":{"rendered":"M\u0131s\u0131r Afrika Kupas\u0131nda Ad\u0131n\u0131 Yar\u0131 Finale 100. Dakikada Yazd\u0131rd\u0131"},"content":{"rendered":"<p>YAOUNDE \u2013 Afrika K\u0131ta futbolu \u015fampiyonas\u0131nda bug\u00fcn \u00e7eyrek finalde bir araya geldikleri ma\u00e7ta Fasl\u0131 rakibini 2-1 yenen M\u0131s\u0131r milli tak\u0131m\u0131, Afrika Uluslar Kupas\u0131 yar\u0131 finaline y\u00fckseldi.<\/p>\n<p>Fas 7. dakikada S\u00fcfyan Boufal&#8217;\u0131n penalt\u0131 vuru\u015fuyla \u00f6ne ge\u00e7ti. 53. dakikada Muhammed Salah beraberli\u011fi yakalad\u0131. Uzatmalarda Mahmud Trezeguet 100. dakikada ikinci gol\u00fc kaydetti ve ma\u00e7\u0131n galibi oldu.<\/p>\n<p>M\u0131s\u0131r, \u00f6n\u00fcm\u00fczdeki Per\u015fembe g\u00fcn\u00fc Kamerun ile kar\u015f\u0131 kar\u015f\u0131ya gelecek.<\/p>\n","protected":false},"excerpt":{"rendered":"<p>YAOUNDE \u2013 Afrika K\u0131ta futbolu \u015fampiyonas\u0131nda bug\u00fcn \u00e7eyrek finalde bir araya geldikleri ma\u00e7ta Fasl\u0131 rakibini 2-1 yenen M\u0131s\u0131r milli tak\u0131m\u0131, Afrika Uluslar Kupas\u0131 yar\u0131 finaline y\u00fckseldi. Fas 7. dakikada S\u00fcfyan Boufal&#8217;\u0131n penalt\u0131 vuru\u015fuyla \u00f6ne ge\u00e7ti. 53. dakikada Muhammed Salah beraberli\u011fi yakalad\u0131. Uzatmalarda Mahmud Trezeguet 100. dakikada ikinci gol\u00fc kaydetti ve ma\u00e7\u0131n galibi oldu. M\u0131s\u0131r, \u00f6n\u00fcm\u00fczdeki &hellip;<\/p>\n","protected":false},"author":1,"featured_media":249416,"comment_status":"closed","ping_status":"closed","sticky":false,"template":"","format":"standard","meta":{"footnotes":""},"categories":[498,17988,496],"tags":[],"class_list":["post-249415","post","type-post","status-publish","format-standard","has-post-thumbnail","","category-dunya-turnuvalari","category-son-haberler","category-spor"],"_links":{"self":[{"href":"https:\/\/archive.sana.sy\/tr\/index.php?rest_route=\/wp\/v2\/posts\/249415","targetHints":{"allow":["GET"]}}],"collection":[{"href":"https:\/\/archive.sana.sy\/tr\/index.php?rest_route=\/wp\/v2\/posts"}],"about":[{"href":"https:\/\/archive.sana.sy\/tr\/index.php?rest_route=\/wp\/v2\/types\/post"}],"author":[{"embeddable":true,"href":"https:\/\/archive.sana.sy\/tr\/index.php?rest_route=\/wp\/v2\/users\/1"}],"replies":[{"embeddable":true,"href":"https:\/\/archive.sana.sy\/tr\/index.php?rest_route=%2Fwp%2Fv2%2Fcomments&post=249415"}],"version-history":[{"count":0,"href":"https:\/\/archive.sana.sy\/tr\/index.php?rest_route=\/wp\/v2\/posts\/249415\/revisions"}],"wp:featuredmedia":[{"embeddable":true,"href":"https:\/\/archive.sana.sy\/tr\/index.php?rest_route=\/wp\/v2\/media\/249416"}],"wp:attachment":[{"href":"https:\/\/archive.sana.sy\/tr\/index.php?rest_route=%2Fwp%2Fv2%2Fmedia&parent=249415"}],"wp:term":[{"taxonomy":"category","embeddable":true,"href":"https:\/\/archive.sana.sy\/tr\/index.php?rest_route=%2Fwp%2Fv2%2Fcategories&post=249415"},{"taxonomy":"post_tag","embeddable":true,"href":"https:\/\/archive.sana.sy\/tr\/index.php?rest_route=%2Fwp%2Fv2%2Ftags&post=249415"}],"curies":[{"name":"wp","href":"https:\/\/api.w.org\/{rel}","templated":true}]}}