{"id":24943,"date":"2015-02-26T12:10:02","date_gmt":"2015-02-26T10:10:02","guid":{"rendered":"http:\/\/www.sana.sy\/tr\/?p=24943"},"modified":"2015-02-26T12:01:56","modified_gmt":"2015-02-26T10:01:56","slug":"askeri-kaynak-ordu-birliklerimizin-dera-kirsalinin-nahite-hirak-yolu-uzerinde-bir-teror-grubunun-tum-elemanlarini-olu-ve-yarali-dusurduklerini-tel-anterde-icindekilerle-birlikte-bazi-araclar","status":"publish","type":"post","link":"https:\/\/archive.sana.sy\/tr\/?p=24943","title":{"rendered":"Askeri kaynak, ordu birliklerimizin Dera k\u0131rsal\u0131n\u0131n Nahite-Hirak yolu \u00fczerinde bir ter\u00f6r grubunun t\u00fcm elemanlar\u0131n\u0131 \u00f6l\u00fc ve yaral\u0131 d\u00fc\u015f\u00fcrd\u00fcklerini Tel Anter\u2019de i\u00e7indekilerle birlikte baz\u0131 ara\u00e7lar\u0131n\u0131 imha ettiklerini s\u00f6yledi."},"content":{"rendered":"<p>Askeri kaynak, ordu birliklerimizin Dera k\u0131rsal\u0131n\u0131n Nahite-Hirak yolu \u00fczerinde bir ter\u00f6r grubunun t\u00fcm elemanlar\u0131n\u0131 \u00f6l\u00fc ve yaral\u0131 d\u00fc\u015f\u00fcrd\u00fcklerini Tel Anter\u2019de i\u00e7indekilerle birlikte baz\u0131 ara\u00e7lar\u0131n\u0131 imha ettiklerini s\u00f6yledi.<\/p>\n","protected":false},"excerpt":{"rendered":"<p>Askeri kaynak, ordu birliklerimizin Dera k\u0131rsal\u0131n\u0131n Nahite-Hirak yolu \u00fczerinde bir ter\u00f6r grubunun t\u00fcm elemanlar\u0131n\u0131 \u00f6l\u00fc ve yaral\u0131 d\u00fc\u015f\u00fcrd\u00fcklerini Tel Anter\u2019de i\u00e7indekilerle birlikte baz\u0131 ara\u00e7lar\u0131n\u0131 imha ettiklerini s\u00f6yledi.<\/p>\n","protected":false},"author":1,"featured_media":0,"comment_status":"closed","ping_status":"closed","sticky":false,"template":"","format":"standard","meta":{"footnotes":""},"categories":[1],"tags":[1031,11875],"class_list":["post-24943","post","type-post","status-publish","format-standard","","category-news-not-sorted","tag-askeri-kaynak","tag-ordu-birliklerimizin-dera-kirsalinin-nahite-hirak-yolu-uzerinde-bir-teror-grubunun-tum-elemanlarini-olu-ve-yarali-dusurduklerini-tel-anterde-icindekilerle-birlikte-bazi-araclarini-imha-ettikl"],"_links":{"self":[{"href":"https:\/\/archive.sana.sy\/tr\/index.php?rest_route=\/wp\/v2\/posts\/24943","targetHints":{"allow":["GET"]}}],"collection":[{"href":"https:\/\/archive.sana.sy\/tr\/index.php?rest_route=\/wp\/v2\/posts"}],"about":[{"href":"https:\/\/archive.sana.sy\/tr\/index.php?rest_route=\/wp\/v2\/types\/post"}],"author":[{"embeddable":true,"href":"https:\/\/archive.sana.sy\/tr\/index.php?rest_route=\/wp\/v2\/users\/1"}],"replies":[{"embeddable":true,"href":"https:\/\/archive.sana.sy\/tr\/index.php?rest_route=%2Fwp%2Fv2%2Fcomments&post=24943"}],"version-history":[{"count":0,"href":"https:\/\/archive.sana.sy\/tr\/index.php?rest_route=\/wp\/v2\/posts\/24943\/revisions"}],"wp:attachment":[{"href":"https:\/\/archive.sana.sy\/tr\/index.php?rest_route=%2Fwp%2Fv2%2Fmedia&parent=24943"}],"wp:term":[{"taxonomy":"category","embeddable":true,"href":"https:\/\/archive.sana.sy\/tr\/index.php?rest_route=%2Fwp%2Fv2%2Fcategories&post=24943"},{"taxonomy":"post_tag","embeddable":true,"href":"https:\/\/archive.sana.sy\/tr\/index.php?rest_route=%2Fwp%2Fv2%2Ftags&post=24943"}],"curies":[{"name":"wp","href":"https:\/\/api.w.org\/{rel}","templated":true}]}}