{"id":249443,"date":"2022-02-01T13:31:41","date_gmt":"2022-02-01T11:31:41","guid":{"rendered":"http:\/\/107.6.182.27\/tr\/?p=249443"},"modified":"2022-02-02T14:08:45","modified_gmt":"2022-02-02T12:08:45","slug":"sam-kirsali-zakiye-beldesindeki-uzlasma-surecine-civar-koylerdeki-sakinlerin-katilimiyla-suruyor","status":"publish","type":"post","link":"https:\/\/archive.sana.sy\/tr\/?p=249443","title":{"rendered":"\u015eam K\u0131rsal\u0131 Zakiye Beldesindeki Uzla\u015fma S\u00fcrecine Civar K\u00f6ylerdeki Sakinlerin Kat\u0131l\u0131m\u0131yla S\u00fcr\u00fcyor"},"content":{"rendered":"<p style=\"text-align: justify;\">\u015eAM KIRSALI &#8211; Bug\u00fcn \u015eam&#8217;\u0131n g\u00fcney k\u0131rsal\u0131ndaki Zakiye kasabas\u0131nda, Devlet taraf\u0131ndan \u00f6nerilen uzla\u015ft\u0131rma anla\u015fmalar\u0131n\u0131n tamamlanmas\u0131 \u00e7er\u00e7evesinde kom\u015fu k\u00f6y sakinlerinin yan\u0131 s\u0131ra askerlikten ka\u00e7an asker ve sivillerle aranan sivillerin durumlar\u0131n\u0131n belirlenmesi s\u00fcrecine devam edildi.<\/p>\n<p style=\"text-align: justify;\">SANA muhabiri, yetkili cihetlerin bug\u00fcn Al-Mukeylibe, Al T\u0131ybe, Ayn Al Bayda, Ayn Al Sovda, Al Zreykiyye, \u0130rkis, Al Kal&#8217;a ve Al darhabiyye k\u00f6ylerinde ya\u015fayan vatanda\u015flar \u00f6n\u00fcnde de a\u00e7t\u0131\u011f\u0131n\u0131 bunun yan\u0131nda Zakiye Beldesinde a\u00e7t\u0131\u011f\u0131 merkezde belde sakinlerinin de uzla\u015fma s\u00fcrecine kat\u0131ld\u0131klar\u0131n\u0131 ifade etti.<\/p>\n<p style=\"text-align: justify;\">Durumlar\u0131 d\u00fczenlenen baz\u0131 \u015fah\u0131slar, aldat\u0131lan herkesi do\u011fruluk yoluna d\u00f6nmeye ve uzla\u015fma s\u00fcrecine kat\u0131lmaya, aileleri ve toplum i\u00e7inde hayatlar\u0131n\u0131 devam ettirmeye \u00e7a\u011f\u0131rarak, Suriye&#8217;deki ter\u00f6r sava\u015f\u0131na kar\u015f\u0131 koyma g\u00f6revlerini yerine getirmeye ve vatan\u0131n in\u015fas\u0131na ve yeniden in\u015fas\u0131na katk\u0131da bulunmaya haz\u0131r olduklar\u0131n\u0131 vurgulad\u0131lar.<\/p>\n","protected":false},"excerpt":{"rendered":"<p>\u015eAM KIRSALI &#8211; Bug\u00fcn \u015eam&#8217;\u0131n g\u00fcney k\u0131rsal\u0131ndaki Zakiye kasabas\u0131nda, Devlet taraf\u0131ndan \u00f6nerilen uzla\u015ft\u0131rma anla\u015fmalar\u0131n\u0131n tamamlanmas\u0131 \u00e7er\u00e7evesinde kom\u015fu k\u00f6y sakinlerinin yan\u0131 s\u0131ra askerlikten ka\u00e7an asker ve sivillerle aranan sivillerin durumlar\u0131n\u0131n belirlenmesi s\u00fcrecine devam edildi. SANA muhabiri, yetkili cihetlerin bug\u00fcn Al-Mukeylibe, Al T\u0131ybe, Ayn Al Bayda, Ayn Al Sovda, Al Zreykiyye, \u0130rkis, Al Kal&#8217;a ve Al darhabiyye &hellip;<\/p>\n","protected":false},"author":1,"featured_media":249444,"comment_status":"closed","ping_status":"closed","sticky":false,"template":"","format":"standard","meta":{"footnotes":""},"categories":[479,17988,478],"tags":[],"class_list":["post-249443","post","type-post","status-publish","format-standard","has-post-thumbnail","","category-haberler-yerel","category-son-haberler","category-yerel"],"_links":{"self":[{"href":"https:\/\/archive.sana.sy\/tr\/index.php?rest_route=\/wp\/v2\/posts\/249443","targetHints":{"allow":["GET"]}}],"collection":[{"href":"https:\/\/archive.sana.sy\/tr\/index.php?rest_route=\/wp\/v2\/posts"}],"about":[{"href":"https:\/\/archive.sana.sy\/tr\/index.php?rest_route=\/wp\/v2\/types\/post"}],"author":[{"embeddable":true,"href":"https:\/\/archive.sana.sy\/tr\/index.php?rest_route=\/wp\/v2\/users\/1"}],"replies":[{"embeddable":true,"href":"https:\/\/archive.sana.sy\/tr\/index.php?rest_route=%2Fwp%2Fv2%2Fcomments&post=249443"}],"version-history":[{"count":0,"href":"https:\/\/archive.sana.sy\/tr\/index.php?rest_route=\/wp\/v2\/posts\/249443\/revisions"}],"wp:featuredmedia":[{"embeddable":true,"href":"https:\/\/archive.sana.sy\/tr\/index.php?rest_route=\/wp\/v2\/media\/249444"}],"wp:attachment":[{"href":"https:\/\/archive.sana.sy\/tr\/index.php?rest_route=%2Fwp%2Fv2%2Fmedia&parent=249443"}],"wp:term":[{"taxonomy":"category","embeddable":true,"href":"https:\/\/archive.sana.sy\/tr\/index.php?rest_route=%2Fwp%2Fv2%2Fcategories&post=249443"},{"taxonomy":"post_tag","embeddable":true,"href":"https:\/\/archive.sana.sy\/tr\/index.php?rest_route=%2Fwp%2Fv2%2Ftags&post=249443"}],"curies":[{"name":"wp","href":"https:\/\/api.w.org\/{rel}","templated":true}]}}