{"id":249446,"date":"2022-02-01T15:42:58","date_gmt":"2022-02-01T13:42:58","guid":{"rendered":"http:\/\/107.6.182.27\/tr\/?p=249446"},"modified":"2022-02-03T08:20:33","modified_gmt":"2022-02-03T06:20:33","slug":"the-guardian-turkiyede-isid-teroristlerine-sahte-pasaport-duzenlemek-icin-sebekeler-yayilmis","status":"publish","type":"post","link":"https:\/\/archive.sana.sy\/tr\/?p=249446","title":{"rendered":"The Guardian: T\u00fcrkiye&#8217;de I\u015e\u0130D Ter\u00f6ristlerine Sahte Pasaport D\u00fczenlemek \u0130\u00e7in \u015eebekeler Yay\u0131lm\u0131\u015f"},"content":{"rendered":"<p style=\"text-align: justify;\">LONDRA &#8211; \u0130ngiliz Guardian gazetesi, I\u015e\u0130D \u00f6rg\u00fct\u00fcnden ter\u00f6ristlere sahte pasaport ve resmi vize \u00e7\u0131karmak i\u00e7in T\u00fcrkiye&#8217;de \u015febekelerin yay\u0131ld\u0131\u011f\u0131n\u0131 ortaya \u00e7\u0131kararak, bu sekt\u00f6r\u00fcn tehlikeli bir \u015fekilde t\u00fcredi\u011fine, ter\u00f6ristlere ve yanda\u015flar\u0131na Birle\u015fik Krall\u0131k ve Amerika Birle\u015fik Devletleri dahil olmak \u00fczere Bat\u0131l\u0131 \u00fclkelere ka\u00e7ma f\u0131rsat\u0131 verdi\u011fine dikkat \u00e7ekti..<\/p>\n<p style=\"text-align: justify;\">Gazetenin soru\u015fturmas\u0131nda, bu a\u011flardan birinin, T\u00fcrkiye merkezli a\u015f\u0131r\u0131l\u0131k yanl\u0131s\u0131 gruplarla ba\u011flant\u0131lar\u0131 olan ve \u015fu anda \u00e7e\u015fitli \u00fclkelere 15.000 dolarl\u0131k sahte ve y\u00fcksek kaliteli pasaportlar satan \u00d6zbekistanl\u0131 bir adam taraf\u0131ndan y\u00f6netildi\u011fine i\u015faret etti.<\/p>\n<p style=\"text-align: justify;\">Gazete, soru\u015fturmas\u0131nda, \u00d6zbek \u015febekesinin \u00e7ok iyi \u00e7al\u0131\u015ft\u0131\u011f\u0131n\u0131, \u0130stanbul havaalan\u0131ndan \u00e7\u0131kmak i\u00e7in bu pasaportlar\u0131 kullanarak Suriye s\u0131n\u0131r\u0131n\u0131 yasad\u0131\u015f\u0131 yollardan T\u00fcrkiye&#8217;ye ge\u00e7enlerin en az 10 vakan\u0131n rapor edildi\u011fini ve i\u015flerini resmi ad\u0131yla pazarlamak i\u00e7in \u015fifreli mesajla\u015fma uygulamas\u0131nda (Telegram) yeni bir kanal a\u00e7t\u0131\u011f\u0131n\u0131 belirtti.<\/p>\n<p style=\"text-align: justify;\">Gazete, T\u00fcrkiye&#8217;de artan sahte pasaport ticaretinin, tehlikeli a\u015f\u0131r\u0131l\u0131k yanl\u0131lar\u0131n\u0131n ve ter\u00f6ristlerin d\u00fcnyadaki g\u00fcvenlik g\u00fc\u00e7lerinin radarlar\u0131n\u0131 a\u015fabilece\u011fini ve Suriye d\u0131\u015f\u0131ndaki \u00fclkelerde ter\u00f6r eylemlerini s\u00fcrd\u00fcrebilece\u011fini g\u00f6sterdi\u011fine dikkat \u00e7ekti.<\/p>\n<p style=\"text-align: justify;\">ABD \u0130\u00e7i\u015fleri Bakanl\u0131\u011f\u0131&#8217;ndan bir kaynak da T\u00fcrkiye&#8217;de I\u015e\u0130D ter\u00f6ristlerine sahte belgeler sa\u011flayan belirli bir sat\u0131c\u0131 oldu\u011funu kabul ederken, ABD&#8217;nin I\u015e\u0130D ter\u00f6ristlerinin Avrupa&#8217;ya ge\u00e7erken, bu sahte pasaportlar\u0131n kullan\u0131ld\u0131\u011f\u0131n\u0131n fark\u0131nda oldu\u011funu ve Avrupa g\u00fcvenli\u011finin bunlar\u0131n hepsini tutuklamada ba\u015far\u0131l\u0131 olamayaca\u011f\u0131n\u0131 s\u00f6yledi\u011fini belirtti.<\/p>\n<p style=\"text-align: justify;\">Son ABD Hazine Bakanl\u0131\u011f\u0131ndan yay\u0131nlanan rapora g\u00f6re, Recep Tayyip Erdo\u011fan liderli\u011findeki T\u00fcrk rejiminin, (I\u015e\u0130D) ter\u00f6r \u00f6rg\u00fct\u00fcn\u00fcn kendi topraklar\u0131ndan finanse edilmesinde rol oynad\u0131\u011f\u0131n\u0131 belirterek, a\u015f\u0131r\u0131c\u0131 \u00f6rg\u00fct\u00fcn a\u011flar\u0131n\u0131n, Orta Do\u011fu&#8217;daki, \u00f6zellikle T\u00fcrkiye&#8217;deki b\u00f6lgelerde saklanan yakla\u015f\u0131k 100 milyon dolar oldu\u011fu tahmin edilen nakit rezervlerine hala eri\u015fmeye kadir oldu\u011fun, ter\u00f6r \u00f6rg\u00fct\u00fcn\u00fcn Suriye&#8217;deki kal\u0131nt\u0131lar\u0131n\u0131n da, T\u00fcrkiye&#8217;de konu\u015flu ortaklar\u0131ndan hala mali havaleler ald\u0131klar\u0131na dikkat \u00e7ekti.<\/p>\n","protected":false},"excerpt":{"rendered":"<p>LONDRA &#8211; \u0130ngiliz Guardian gazetesi, I\u015e\u0130D \u00f6rg\u00fct\u00fcnden ter\u00f6ristlere sahte pasaport ve resmi vize \u00e7\u0131karmak i\u00e7in T\u00fcrkiye&#8217;de \u015febekelerin yay\u0131ld\u0131\u011f\u0131n\u0131 ortaya \u00e7\u0131kararak, bu sekt\u00f6r\u00fcn tehlikeli bir \u015fekilde t\u00fcredi\u011fine, ter\u00f6ristlere ve yanda\u015flar\u0131na Birle\u015fik Krall\u0131k ve Amerika Birle\u015fik Devletleri dahil olmak \u00fczere Bat\u0131l\u0131 \u00fclkelere ka\u00e7ma f\u0131rsat\u0131 verdi\u011fine dikkat \u00e7ekti.. Gazetenin soru\u015fturmas\u0131nda, bu a\u011flardan birinin, T\u00fcrkiye merkezli a\u015f\u0131r\u0131l\u0131k yanl\u0131s\u0131 gruplarla &hellip;<\/p>\n","protected":false},"author":1,"featured_media":249447,"comment_status":"closed","ping_status":"closed","sticky":false,"template":"","format":"standard","meta":{"footnotes":""},"categories":[458,459,17988,2554,2555],"tags":[],"class_list":["post-249446","post","type-post","status-publish","format-standard","has-post-thumbnail","","category-dunya1","category-haberler-arap-uluslararasi-politika","category-son-haberler","category-suriye-ve-dunya","category-suriye-ve-turkiye"],"_links":{"self":[{"href":"https:\/\/archive.sana.sy\/tr\/index.php?rest_route=\/wp\/v2\/posts\/249446","targetHints":{"allow":["GET"]}}],"collection":[{"href":"https:\/\/archive.sana.sy\/tr\/index.php?rest_route=\/wp\/v2\/posts"}],"about":[{"href":"https:\/\/archive.sana.sy\/tr\/index.php?rest_route=\/wp\/v2\/types\/post"}],"author":[{"embeddable":true,"href":"https:\/\/archive.sana.sy\/tr\/index.php?rest_route=\/wp\/v2\/users\/1"}],"replies":[{"embeddable":true,"href":"https:\/\/archive.sana.sy\/tr\/index.php?rest_route=%2Fwp%2Fv2%2Fcomments&post=249446"}],"version-history":[{"count":0,"href":"https:\/\/archive.sana.sy\/tr\/index.php?rest_route=\/wp\/v2\/posts\/249446\/revisions"}],"wp:featuredmedia":[{"embeddable":true,"href":"https:\/\/archive.sana.sy\/tr\/index.php?rest_route=\/wp\/v2\/media\/249447"}],"wp:attachment":[{"href":"https:\/\/archive.sana.sy\/tr\/index.php?rest_route=%2Fwp%2Fv2%2Fmedia&parent=249446"}],"wp:term":[{"taxonomy":"category","embeddable":true,"href":"https:\/\/archive.sana.sy\/tr\/index.php?rest_route=%2Fwp%2Fv2%2Fcategories&post=249446"},{"taxonomy":"post_tag","embeddable":true,"href":"https:\/\/archive.sana.sy\/tr\/index.php?rest_route=%2Fwp%2Fv2%2Ftags&post=249446"}],"curies":[{"name":"wp","href":"https:\/\/api.w.org\/{rel}","templated":true}]}}