{"id":24945,"date":"2015-02-26T12:15:00","date_gmt":"2015-02-26T10:15:00","guid":{"rendered":"http:\/\/www.sana.sy\/tr\/?p=24945"},"modified":"2015-02-26T12:08:54","modified_gmt":"2015-02-26T10:08:54","slug":"askeri-kaynak-ordu-birliklerimizin-guneybati-sam-kirsali-dera-ve-kunaytra-kirsallari-ucgenindeki-bolgeye-hakim-olan-tepeler-yani-sira-hebbariye-kefar-nasec-teyha-ve-sebseba-beldelerinin-bir-cok-e","status":"publish","type":"post","link":"https:\/\/archive.sana.sy\/tr\/?p=24945","title":{"rendered":"Askeri kaynak, ordu birliklerimizin  g\u00fcneybat\u0131 \u015eam K\u0131rsal\u0131, Dera ve Kunaytra k\u0131rsallar\u0131 \u00fc\u00e7genindeki b\u00f6lgeye hakim olan tepeler yan\u0131 s\u0131ra Hebbariye, Kefar Nasec, Teyha ve Sebseba Beldelerinin bir \u00e7ok ekseninden ter\u00f6ristlerin toplanma merkezlerine y\u00f6nelik  d\u00fczenledi\u011fi ba\u015far\u0131l\u0131 operasyonlar sonucunda \u00e7ok say\u0131da ter\u00f6ristin \u00f6ld\u00fcr\u00fcld\u00fc\u011f\u00fcn\u00fc belirtti."},"content":{"rendered":"<p>Askeri kaynak, ordu birliklerimizin g\u00fcneybat\u0131 \u015eam K\u0131rsal\u0131, Dera ve Kunaytra k\u0131rsallar\u0131 \u00fc\u00e7genindeki b\u00f6lgeye hakim olan tepeler yan\u0131 s\u0131ra Hebbariye, Kefar Nasec, Teyha ve Sebseba Beldelerinin bir \u00e7ok ekseninden ter\u00f6ristlerin toplanma merkezlerine y\u00f6nelik d\u00fczenledi\u011fi ba\u015far\u0131l\u0131 operasyonlar sonucunda \u00e7ok say\u0131da ter\u00f6ristin \u00f6ld\u00fcr\u00fcld\u00fc\u011f\u00fcn\u00fc belirtti.<\/p>\n","protected":false},"excerpt":{"rendered":"<p>Askeri kaynak, ordu birliklerimizin g\u00fcneybat\u0131 \u015eam K\u0131rsal\u0131, Dera ve Kunaytra k\u0131rsallar\u0131 \u00fc\u00e7genindeki b\u00f6lgeye hakim olan tepeler yan\u0131 s\u0131ra Hebbariye, Kefar Nasec, Teyha ve Sebseba Beldelerinin bir \u00e7ok ekseninden ter\u00f6ristlerin toplanma merkezlerine y\u00f6nelik d\u00fczenledi\u011fi ba\u015far\u0131l\u0131 operasyonlar sonucunda \u00e7ok say\u0131da ter\u00f6ristin \u00f6ld\u00fcr\u00fcld\u00fc\u011f\u00fcn\u00fc belirtti.<\/p>\n","protected":false},"author":1,"featured_media":0,"comment_status":"closed","ping_status":"closed","sticky":false,"template":"","format":"standard","meta":{"footnotes":""},"categories":[1],"tags":[1031,11877,11878,11876,11879],"class_list":["post-24945","post","type-post","status-publish","format-standard","","category-news-not-sorted","tag-askeri-kaynak","tag-dera-ve-kunaytra-kirsallari-ucgenindeki-bolgeye-hakim-olan-tepeler-yani-sira-hebbariye","tag-kefar-nasec","tag-ordu-birliklerimizin-guneybati-sam-kirsali","tag-teyha-ve-sebseba-beldelerinin-bir-cok-ekseninden-teroristlerin-toplanma-merkezlerine-yonelik-duzenledigi-basarili-operasyonlar-sonucunda-cok-sayida-teroristin-olduruldugunu-belirtti"],"_links":{"self":[{"href":"https:\/\/archive.sana.sy\/tr\/index.php?rest_route=\/wp\/v2\/posts\/24945","targetHints":{"allow":["GET"]}}],"collection":[{"href":"https:\/\/archive.sana.sy\/tr\/index.php?rest_route=\/wp\/v2\/posts"}],"about":[{"href":"https:\/\/archive.sana.sy\/tr\/index.php?rest_route=\/wp\/v2\/types\/post"}],"author":[{"embeddable":true,"href":"https:\/\/archive.sana.sy\/tr\/index.php?rest_route=\/wp\/v2\/users\/1"}],"replies":[{"embeddable":true,"href":"https:\/\/archive.sana.sy\/tr\/index.php?rest_route=%2Fwp%2Fv2%2Fcomments&post=24945"}],"version-history":[{"count":0,"href":"https:\/\/archive.sana.sy\/tr\/index.php?rest_route=\/wp\/v2\/posts\/24945\/revisions"}],"wp:attachment":[{"href":"https:\/\/archive.sana.sy\/tr\/index.php?rest_route=%2Fwp%2Fv2%2Fmedia&parent=24945"}],"wp:term":[{"taxonomy":"category","embeddable":true,"href":"https:\/\/archive.sana.sy\/tr\/index.php?rest_route=%2Fwp%2Fv2%2Fcategories&post=24945"},{"taxonomy":"post_tag","embeddable":true,"href":"https:\/\/archive.sana.sy\/tr\/index.php?rest_route=%2Fwp%2Fv2%2Ftags&post=24945"}],"curies":[{"name":"wp","href":"https:\/\/api.w.org\/{rel}","templated":true}]}}