{"id":249469,"date":"2022-02-01T23:01:55","date_gmt":"2022-02-01T21:01:55","guid":{"rendered":"http:\/\/107.6.182.27\/tr\/?p=249469"},"modified":"2022-02-03T08:20:38","modified_gmt":"2022-02-03T06:20:38","slug":"milli-futbol-takimimizin-idari-ve-teknik-cihazlari-feshedildi","status":"publish","type":"post","link":"https:\/\/archive.sana.sy\/tr\/?p=249469","title":{"rendered":"Milli Futbol Tak\u0131m\u0131m\u0131z\u0131n \u0130dari Ve Teknik Cihazlar\u0131 Feshedildi"},"content":{"rendered":"<p>\u015eAM &#8211; Suriye Arap Futbol Federasyonu ge\u00e7ici komitesi, A milli futbol tak\u0131m\u0131m\u0131z\u0131n idari ve teknik cihazlar\u0131n\u0131n feshedildi\u011fini ilan etti.<\/p>\n<p>D\u00fcn heyetten yap\u0131lan a\u00e7\u0131klamaya g\u00f6re, ekibin idari ve teknik personelinin kendilerine verilen g\u00f6revleri yerine getirirken gerekli ciddiyeti g\u00f6stermemesi ve istenilen ilaveyi sa\u011flayamamas\u0131 nedeniyle Hem Birle\u015fik Arap Emirlikleri&#8217;ne hem de G\u00fcney Kore&#8217;ye yenilen ve b\u00f6ylece resmen D\u00fcnya Kupas\u0131 elemelerinden elenen ekibin i\u015fine son verilmesine karar verildi\u011fini s\u00f6yledi.<\/p>\n<p>Komite, L\u00fcbnan ve Irak&#8217;a kar\u015f\u0131 son iki \u00f6n eleme turunu tamamlamak i\u00e7in yeni bir idari ve teknik personelin a\u00e7\u0131klanaca\u011f\u0131n\u0131 belirtti.<\/p>\n","protected":false},"excerpt":{"rendered":"<p>\u015eAM &#8211; Suriye Arap Futbol Federasyonu ge\u00e7ici komitesi, A milli futbol tak\u0131m\u0131m\u0131z\u0131n idari ve teknik cihazlar\u0131n\u0131n feshedildi\u011fini ilan etti. D\u00fcn heyetten yap\u0131lan a\u00e7\u0131klamaya g\u00f6re, ekibin idari ve teknik personelinin kendilerine verilen g\u00f6revleri yerine getirirken gerekli ciddiyeti g\u00f6stermemesi ve istenilen ilaveyi sa\u011flayamamas\u0131 nedeniyle Hem Birle\u015fik Arap Emirlikleri&#8217;ne hem de G\u00fcney Kore&#8217;ye yenilen ve b\u00f6ylece resmen D\u00fcnya &hellip;<\/p>\n","protected":false},"author":36,"featured_media":249470,"comment_status":"closed","ping_status":"closed","sticky":false,"template":"","format":"standard","meta":{"footnotes":""},"categories":[17988,496,497],"tags":[],"class_list":["post-249469","post","type-post","status-publish","format-standard","has-post-thumbnail","","category-son-haberler","category-spor","category-yerel-turnuvalar"],"_links":{"self":[{"href":"https:\/\/archive.sana.sy\/tr\/index.php?rest_route=\/wp\/v2\/posts\/249469","targetHints":{"allow":["GET"]}}],"collection":[{"href":"https:\/\/archive.sana.sy\/tr\/index.php?rest_route=\/wp\/v2\/posts"}],"about":[{"href":"https:\/\/archive.sana.sy\/tr\/index.php?rest_route=\/wp\/v2\/types\/post"}],"author":[{"embeddable":true,"href":"https:\/\/archive.sana.sy\/tr\/index.php?rest_route=\/wp\/v2\/users\/36"}],"replies":[{"embeddable":true,"href":"https:\/\/archive.sana.sy\/tr\/index.php?rest_route=%2Fwp%2Fv2%2Fcomments&post=249469"}],"version-history":[{"count":0,"href":"https:\/\/archive.sana.sy\/tr\/index.php?rest_route=\/wp\/v2\/posts\/249469\/revisions"}],"wp:featuredmedia":[{"embeddable":true,"href":"https:\/\/archive.sana.sy\/tr\/index.php?rest_route=\/wp\/v2\/media\/249470"}],"wp:attachment":[{"href":"https:\/\/archive.sana.sy\/tr\/index.php?rest_route=%2Fwp%2Fv2%2Fmedia&parent=249469"}],"wp:term":[{"taxonomy":"category","embeddable":true,"href":"https:\/\/archive.sana.sy\/tr\/index.php?rest_route=%2Fwp%2Fv2%2Fcategories&post=249469"},{"taxonomy":"post_tag","embeddable":true,"href":"https:\/\/archive.sana.sy\/tr\/index.php?rest_route=%2Fwp%2Fv2%2Ftags&post=249469"}],"curies":[{"name":"wp","href":"https:\/\/api.w.org\/{rel}","templated":true}]}}