{"id":249473,"date":"2022-02-01T23:12:25","date_gmt":"2022-02-01T21:12:25","guid":{"rendered":"http:\/\/107.6.182.27\/tr\/?p=249473"},"modified":"2022-02-03T08:20:42","modified_gmt":"2022-02-03T06:20:42","slug":"saglik-alaninda-isbirligini-gelistirmek-icin-suriye-iran-gorusmeleri","status":"publish","type":"post","link":"https:\/\/archive.sana.sy\/tr\/?p=249473","title":{"rendered":"Sa\u011fl\u0131k Alan\u0131nda \u0130\u015fbirli\u011fini Geli\u015ftirmek \u0130\u00e7in Suriye-\u0130ran G\u00f6r\u00fc\u015fmeleri"},"content":{"rendered":"<p>TAHRAN &#8211; \u0130ran Sa\u011fl\u0131k, Tedavi ve T\u0131p E\u011fitimi Bakan\u0131 Dr. Behram Aynullahi, Suriye&#8217;nin Tahran B\u00fcy\u00fckel\u00e7isi Dr. \u015eefik Deyyub ile sa\u011fl\u0131k e\u011fitimi ve t\u0131p alan\u0131nda i\u015fbirli\u011fini ve bu alandaki imk\u00e2nlardan yararlanman\u0131n yollar\u0131n\u0131 ele ald\u0131.<\/p>\n<p><img loading=\"lazy\" decoding=\"async\" class=\"size-medium wp-image-249476 alignright\" src=\"http:\/\/107.6.182.27\/tr\/wp-content\/uploads\/2022\/02\/4-300x161.jpg\" alt=\"\" width=\"300\" height=\"161\" srcset=\"https:\/\/archive.sana.sy\/tr\/wp-content\/uploads\/2022\/02\/4-300x161.jpg 300w, https:\/\/archive.sana.sy\/tr\/wp-content\/uploads\/2022\/02\/4-150x80.jpg 150w, https:\/\/archive.sana.sy\/tr\/wp-content\/uploads\/2022\/02\/4-310x165.jpg 310w, https:\/\/archive.sana.sy\/tr\/wp-content\/uploads\/2022\/02\/4.jpg 660w\" sizes=\"auto, (max-width: 300px) 100vw, 300px\" \/>\u0130ran Sa\u011fl\u0131k Bakan\u0131, Suriye B\u00fcy\u00fckel\u00e7ili\u011fi ile \u0130ran Uluslararas\u0131 \u0130li\u015fkiler Departman\u0131 aras\u0131nda Sa\u011fl\u0131k Bakanl\u0131\u011f\u0131 i\u015fbirli\u011fi alanlar\u0131n\u0131 belirleyecek bir \u00e7al\u0131\u015fma grubu kurulmas\u0131n\u0131 \u00f6nererek, iki \u00fclke aras\u0131nda \u00f6zellikle t\u0131p, tedavi ve e\u011fitim alanlar\u0131nda i\u015fbirli\u011fi alanlar\u0131n\u0131n s\u0131n\u0131r\u0131 olmad\u0131\u011f\u0131n\u0131 vurgulad\u0131.<\/p>\n<p>\u0130ran Sa\u011fl\u0131k Bakan\u0131 \u00fclkesinin, ter\u00f6r sava\u015f\u0131nda zarar g\u00f6ren sa\u011fl\u0131k altyap\u0131s\u0131 alan\u0131nda Suriye&#8217;ye gerekli yard\u0131m\u0131 yapmaya haz\u0131r oldu\u011funu ifade ederek, \u0130ran ila\u00e7 sekt\u00f6r\u00fcn\u00fcn b\u00fcy\u00fck ilerleme kaydetti\u011fini ve bundan Suriye taraf\u0131n\u0131n faydalanabilece\u011fini s\u00f6yledi.<\/p>\n<p><img loading=\"lazy\" decoding=\"async\" class=\"size-medium wp-image-249477 alignright\" src=\"http:\/\/107.6.182.27\/tr\/wp-content\/uploads\/2022\/02\/5-300x244.jpg\" alt=\"\" width=\"300\" height=\"244\" srcset=\"https:\/\/archive.sana.sy\/tr\/wp-content\/uploads\/2022\/02\/5-300x244.jpg 300w, https:\/\/archive.sana.sy\/tr\/wp-content\/uploads\/2022\/02\/5-150x122.jpg 150w, https:\/\/archive.sana.sy\/tr\/wp-content\/uploads\/2022\/02\/5.jpg 660w\" sizes=\"auto, (max-width: 300px) 100vw, 300px\" \/>\u00d6te yandan B\u00fcy\u00fckel\u00e7i Deyyub, \u0130ran Sa\u011fl\u0131k Bakanl\u0131\u011f\u0131 ile Suriye&#8217;deki Sa\u011fl\u0131k ve Y\u00fcksek \u00d6\u011frenim Bakanl\u0131klar\u0131 aras\u0131nda t\u0131p, e\u011fitim ve eczac\u0131l\u0131k alanlar\u0131nda i\u015fbirli\u011finin \u00f6nemine vurgu yaparak, bunun her iki taraf i\u00e7in de faydal\u0131 oldu\u011funa i\u015faret etti.<\/p>\n<p>B\u00fcy\u00fckel\u00e7i Deyyub, \u0130ran \u0130slam Cumhuriyeti y\u00f6netimini, h\u00fck\u00fcmetini ve halk\u0131n\u0131 \u015fafa\u011f\u0131n onuncu g\u00fcn\u00fcnde ve \u0130slam Devrimi&#8217;nin zaferini kutlayarak, ilerleme ve refah\u0131n devam\u0131n\u0131 temenni etti.<\/p>\n","protected":false},"excerpt":{"rendered":"<p>TAHRAN &#8211; \u0130ran Sa\u011fl\u0131k, Tedavi ve T\u0131p E\u011fitimi Bakan\u0131 Dr. Behram Aynullahi, Suriye&#8217;nin Tahran B\u00fcy\u00fckel\u00e7isi Dr. \u015eefik Deyyub ile sa\u011fl\u0131k e\u011fitimi ve t\u0131p alan\u0131nda i\u015fbirli\u011fini ve bu alandaki imk\u00e2nlardan yararlanman\u0131n yollar\u0131n\u0131 ele ald\u0131. \u0130ran Sa\u011fl\u0131k Bakan\u0131, Suriye B\u00fcy\u00fckel\u00e7ili\u011fi ile \u0130ran Uluslararas\u0131 \u0130li\u015fkiler Departman\u0131 aras\u0131nda Sa\u011fl\u0131k Bakanl\u0131\u011f\u0131 i\u015fbirli\u011fi alanlar\u0131n\u0131 belirleyecek bir \u00e7al\u0131\u015fma grubu kurulmas\u0131n\u0131 \u00f6nererek, iki &hellip;<\/p>\n","protected":false},"author":36,"featured_media":249478,"comment_status":"closed","ping_status":"closed","sticky":false,"template":"","format":"standard","meta":{"footnotes":""},"categories":[458,459,17988],"tags":[],"class_list":["post-249473","post","type-post","status-publish","format-standard","has-post-thumbnail","","category-dunya1","category-haberler-arap-uluslararasi-politika","category-son-haberler"],"_links":{"self":[{"href":"https:\/\/archive.sana.sy\/tr\/index.php?rest_route=\/wp\/v2\/posts\/249473","targetHints":{"allow":["GET"]}}],"collection":[{"href":"https:\/\/archive.sana.sy\/tr\/index.php?rest_route=\/wp\/v2\/posts"}],"about":[{"href":"https:\/\/archive.sana.sy\/tr\/index.php?rest_route=\/wp\/v2\/types\/post"}],"author":[{"embeddable":true,"href":"https:\/\/archive.sana.sy\/tr\/index.php?rest_route=\/wp\/v2\/users\/36"}],"replies":[{"embeddable":true,"href":"https:\/\/archive.sana.sy\/tr\/index.php?rest_route=%2Fwp%2Fv2%2Fcomments&post=249473"}],"version-history":[{"count":0,"href":"https:\/\/archive.sana.sy\/tr\/index.php?rest_route=\/wp\/v2\/posts\/249473\/revisions"}],"wp:featuredmedia":[{"embeddable":true,"href":"https:\/\/archive.sana.sy\/tr\/index.php?rest_route=\/wp\/v2\/media\/249478"}],"wp:attachment":[{"href":"https:\/\/archive.sana.sy\/tr\/index.php?rest_route=%2Fwp%2Fv2%2Fmedia&parent=249473"}],"wp:term":[{"taxonomy":"category","embeddable":true,"href":"https:\/\/archive.sana.sy\/tr\/index.php?rest_route=%2Fwp%2Fv2%2Fcategories&post=249473"},{"taxonomy":"post_tag","embeddable":true,"href":"https:\/\/archive.sana.sy\/tr\/index.php?rest_route=%2Fwp%2Fv2%2Ftags&post=249473"}],"curies":[{"name":"wp","href":"https:\/\/api.w.org\/{rel}","templated":true}]}}