{"id":24949,"date":"2015-02-26T12:26:17","date_gmt":"2015-02-26T10:26:17","guid":{"rendered":"http:\/\/www.sana.sy\/tr\/?p=24949"},"modified":"2015-02-26T12:26:17","modified_gmt":"2015-02-26T10:26:17","slug":"guvenlik-konseyi-isidin-haseke-kirsalinda-siviller-hakkinda-isledigi-suclari-siddetle-kinadi","status":"publish","type":"post","link":"https:\/\/archive.sana.sy\/tr\/?p=24949","title":{"rendered":"G\u00fcvenlik Konseyi I\u015e\u0130D\u2019in Haseke K\u0131rsal\u0131nda Siviller Hakk\u0131nda \u0130\u015fledi\u011fi Su\u00e7lar\u0131 \u015eiddetle K\u0131nad\u0131"},"content":{"rendered":"<p>NEW YORK \u2013 Uluslararas\u0131 G\u00fcvenlik Konseyi d\u00fcn gece I\u015e\u0130D ter\u00f6r \u00f6rg\u00fct\u00fcn\u00fcn Haseke k\u0131rsal\u0131nda sivillere y\u00f6nelik i\u015fledi\u011fi su\u00e7lar\u0131 k\u0131nad\u0131.<\/p>\n<p>AFP, Uluslararas\u0131 G\u00fcvenlik Konseyi\u2019nin yay\u0131nlad\u0131\u011f\u0131 beyanda, Suriye\u2019nin kuzeydo\u011fusunda I\u015e\u0130D ter\u00f6r \u00f6rg\u00fct\u00fcn\u00fcn 23 \u015eubat\u2019ta 100\u2019den fazla insan\u0131 ka\u00e7\u0131rma ile dini mekanlar\u0131n yakma ve kirletme eylemlerini \u015fiddetle k\u0131nad\u0131\u011f\u0131n\u0131 ifade etti.<\/p>\n<p>Beyan, bu gibi su\u00e7lar\u0131n insani de\u011ferlere hi\u00e7 bir de\u011fer vermeden b\u00fct\u00fcn din ve uluslardan \u015fah\u0131slara y\u00f6nelik binlerce su\u00e7tan sorumlu olan bu \u00f6rg\u00fct\u00fcn vah\u015fetine delalet oldu\u011funu s\u00f6yledi.<\/p>\n<p>I\u015e\u0130D, Nusra Cephesi ile Kaide \u00f6rg\u00fct\u00fcne ba\u011fl\u0131 di\u011fer grup ve varl\u0131klardan \u015fahsiyetler taraf\u0131ndan ka\u00e7\u0131r\u0131lan t\u00fcn insanlar\u0131n derhal ve \u015farts\u0131z bir \u015fekilde serbest b\u0131rak\u0131lmalar\u0131n\u0131 talep ederek, bu gibi \u00e7irkef eylemleri ger\u00e7ekle\u015ftirenlerden hesap sorulmas\u0131 gere\u011fini dile getirdi.<\/p>\n<p>S.\u015e. &#8211; R.H.<\/p>\n<p>&nbsp;<\/p>\n","protected":false},"excerpt":{"rendered":"<p>NEW YORK \u2013 Uluslararas\u0131 G\u00fcvenlik Konseyi d\u00fcn gece I\u015e\u0130D ter\u00f6r \u00f6rg\u00fct\u00fcn\u00fcn Haseke k\u0131rsal\u0131nda sivillere y\u00f6nelik i\u015fledi\u011fi su\u00e7lar\u0131 k\u0131nad\u0131. AFP, Uluslararas\u0131 G\u00fcvenlik Konseyi\u2019nin yay\u0131nlad\u0131\u011f\u0131 beyanda, Suriye\u2019nin kuzeydo\u011fusunda I\u015e\u0130D ter\u00f6r \u00f6rg\u00fct\u00fcn\u00fcn 23 \u015eubat\u2019ta 100\u2019den fazla insan\u0131 ka\u00e7\u0131rma ile dini mekanlar\u0131n yakma ve kirletme eylemlerini \u015fiddetle k\u0131nad\u0131\u011f\u0131n\u0131 ifade etti. Beyan, bu gibi su\u00e7lar\u0131n insani de\u011ferlere hi\u00e7 bir de\u011fer &hellip;<\/p>\n","protected":false},"author":1,"featured_media":24950,"comment_status":"closed","ping_status":"closed","sticky":false,"template":"","format":"standard","meta":{"footnotes":""},"categories":[458,459,447],"tags":[11882],"class_list":["post-24949","post","type-post","status-publish","format-standard","has-post-thumbnail","","category-dunya1","category-haberler-arap-uluslararasi-politika","category-politika","tag-guvenlik-konseyi-isidin-haseke-kirsalinda-siviller-hakkinda-isledigi-suclari-siddetle-kinadi-new-york-uluslararasi-guvenlik-konseyi-dun-gece-isid-teror-orgutunun-haseke-kirsalinda-s"],"_links":{"self":[{"href":"https:\/\/archive.sana.sy\/tr\/index.php?rest_route=\/wp\/v2\/posts\/24949","targetHints":{"allow":["GET"]}}],"collection":[{"href":"https:\/\/archive.sana.sy\/tr\/index.php?rest_route=\/wp\/v2\/posts"}],"about":[{"href":"https:\/\/archive.sana.sy\/tr\/index.php?rest_route=\/wp\/v2\/types\/post"}],"author":[{"embeddable":true,"href":"https:\/\/archive.sana.sy\/tr\/index.php?rest_route=\/wp\/v2\/users\/1"}],"replies":[{"embeddable":true,"href":"https:\/\/archive.sana.sy\/tr\/index.php?rest_route=%2Fwp%2Fv2%2Fcomments&post=24949"}],"version-history":[{"count":0,"href":"https:\/\/archive.sana.sy\/tr\/index.php?rest_route=\/wp\/v2\/posts\/24949\/revisions"}],"wp:featuredmedia":[{"embeddable":true,"href":"https:\/\/archive.sana.sy\/tr\/index.php?rest_route=\/wp\/v2\/media\/24950"}],"wp:attachment":[{"href":"https:\/\/archive.sana.sy\/tr\/index.php?rest_route=%2Fwp%2Fv2%2Fmedia&parent=24949"}],"wp:term":[{"taxonomy":"category","embeddable":true,"href":"https:\/\/archive.sana.sy\/tr\/index.php?rest_route=%2Fwp%2Fv2%2Fcategories&post=24949"},{"taxonomy":"post_tag","embeddable":true,"href":"https:\/\/archive.sana.sy\/tr\/index.php?rest_route=%2Fwp%2Fv2%2Ftags&post=24949"}],"curies":[{"name":"wp","href":"https:\/\/api.w.org\/{rel}","templated":true}]}}