{"id":249511,"date":"2022-02-02T22:29:15","date_gmt":"2022-02-02T20:29:15","guid":{"rendered":"http:\/\/107.6.182.27\/tr\/?p=249511"},"modified":"2022-02-03T08:21:21","modified_gmt":"2022-02-03T06:21:21","slug":"erdoganin-partisinin-45-uyesi-toplu-olarak-istifa-etti","status":"publish","type":"post","link":"https:\/\/archive.sana.sy\/tr\/?p=249511","title":{"rendered":"Erdo\u011fan&#8217;\u0131n Partisinin 45 \u00dcyesi Toplu Olarak \u0130stifa Etti"},"content":{"rendered":"<p style=\"text-align: justify;\">ANKARA \u2013 T\u00fcrk rejimi Ba\u015fkan\u0131 Recep Tayyip Erdo\u011fan liderli\u011findeki T\u00fcrkiye&#8217;de iktidardaki Adalet ve Kalk\u0131nma Partisi&#8217;nin k\u0131rk be\u015f \u00fcyesi bug\u00fcn toplu halde istifalar\u0131n\u0131 sundu.<\/p>\n<p style=\"text-align: justify;\">T\u00fcrk Zaman gazetesi, istifa eden \u00fcyelerin Karaman&#8217;daki iktidar partisine tabi oldu\u011funu ve istifa edenler aras\u0131nda partinin \u015fehirdeki ba\u015fkan\u0131n\u0131n da oldu\u011funa dikkat \u00e7ekti.<\/p>\n<p style=\"text-align: justify;\">Adalet ve Kalk\u0131nma Partisi&#8217;nin 872 \u00fcyesi de ge\u00e7en Ocak ay\u0131nda &#8220;Adalet ve Kalk\u0131nma Partisi&#8217;nin y\u00f6netim bi\u00e7imini tacize u\u011framak d\u0131\u015f\u0131nda reddettikleri&#8221; gerek\u00e7esiyle istifa ettiklerini a\u00e7\u0131klam\u0131\u015ft\u0131.<\/p>\n<p style=\"text-align: justify;\">T\u00fcrkiye&#8217;de yakla\u015fan se\u00e7imlerle ilgili kamuoyu yoklamalar\u0131, iktidardaki Adalet ve Kalk\u0131nma Partisi&#8217;nin de yer ald\u0131\u011f\u0131 koalisyonun T\u00fcrk muhalefet koalisyonu kar\u015f\u0131s\u0131ndaki d\u00fc\u015f\u00fc\u015f\u00fcn\u00fcn devam etti\u011fini g\u00f6steriyor.<\/p>\n<p style=\"text-align: justify;\">P.M.<\/p>\n","protected":false},"excerpt":{"rendered":"<p>ANKARA \u2013 T\u00fcrk rejimi Ba\u015fkan\u0131 Recep Tayyip Erdo\u011fan liderli\u011findeki T\u00fcrkiye&#8217;de iktidardaki Adalet ve Kalk\u0131nma Partisi&#8217;nin k\u0131rk be\u015f \u00fcyesi bug\u00fcn toplu halde istifalar\u0131n\u0131 sundu. T\u00fcrk Zaman gazetesi, istifa eden \u00fcyelerin Karaman&#8217;daki iktidar partisine tabi oldu\u011funu ve istifa edenler aras\u0131nda partinin \u015fehirdeki ba\u015fkan\u0131n\u0131n da oldu\u011funa dikkat \u00e7ekti. Adalet ve Kalk\u0131nma Partisi&#8217;nin 872 \u00fcyesi de ge\u00e7en Ocak ay\u0131nda &hellip;<\/p>\n","protected":false},"author":1,"featured_media":249512,"comment_status":"closed","ping_status":"closed","sticky":false,"template":"","format":"standard","meta":{"footnotes":""},"categories":[458,459,17988,2554,2555],"tags":[],"class_list":["post-249511","post","type-post","status-publish","format-standard","has-post-thumbnail","","category-dunya1","category-haberler-arap-uluslararasi-politika","category-son-haberler","category-suriye-ve-dunya","category-suriye-ve-turkiye"],"_links":{"self":[{"href":"https:\/\/archive.sana.sy\/tr\/index.php?rest_route=\/wp\/v2\/posts\/249511","targetHints":{"allow":["GET"]}}],"collection":[{"href":"https:\/\/archive.sana.sy\/tr\/index.php?rest_route=\/wp\/v2\/posts"}],"about":[{"href":"https:\/\/archive.sana.sy\/tr\/index.php?rest_route=\/wp\/v2\/types\/post"}],"author":[{"embeddable":true,"href":"https:\/\/archive.sana.sy\/tr\/index.php?rest_route=\/wp\/v2\/users\/1"}],"replies":[{"embeddable":true,"href":"https:\/\/archive.sana.sy\/tr\/index.php?rest_route=%2Fwp%2Fv2%2Fcomments&post=249511"}],"version-history":[{"count":0,"href":"https:\/\/archive.sana.sy\/tr\/index.php?rest_route=\/wp\/v2\/posts\/249511\/revisions"}],"wp:featuredmedia":[{"embeddable":true,"href":"https:\/\/archive.sana.sy\/tr\/index.php?rest_route=\/wp\/v2\/media\/249512"}],"wp:attachment":[{"href":"https:\/\/archive.sana.sy\/tr\/index.php?rest_route=%2Fwp%2Fv2%2Fmedia&parent=249511"}],"wp:term":[{"taxonomy":"category","embeddable":true,"href":"https:\/\/archive.sana.sy\/tr\/index.php?rest_route=%2Fwp%2Fv2%2Fcategories&post=249511"},{"taxonomy":"post_tag","embeddable":true,"href":"https:\/\/archive.sana.sy\/tr\/index.php?rest_route=%2Fwp%2Fv2%2Ftags&post=249511"}],"curies":[{"name":"wp","href":"https:\/\/api.w.org\/{rel}","templated":true}]}}