{"id":249514,"date":"2022-02-02T22:30:52","date_gmt":"2022-02-02T20:30:52","guid":{"rendered":"http:\/\/107.6.182.27\/tr\/?p=249514"},"modified":"2022-02-03T08:21:30","modified_gmt":"2022-02-03T06:21:30","slug":"ic-ticaret-bakanligi-destek-kapsami-disinda-kalanlar-icin-yeni-bir-prosedur-acikladi","status":"publish","type":"post","link":"https:\/\/archive.sana.sy\/tr\/?p=249514","title":{"rendered":"\u0130\u00e7 Ticaret Bakanl\u0131\u011f\u0131, Destek Kapsam\u0131 D\u0131\u015f\u0131nda Kalanlar \u0130\u00e7in Yeni Bir Prosed\u00fcr A\u00e7\u0131klad\u0131"},"content":{"rendered":"<p style=\"text-align: justify;\">\u015eAM \u2013 \u0130\u00e7 Ticaret ve T\u00fcketicinin Korunmas\u0131 Bakanl\u0131\u011f\u0131, kendi adlar\u0131na ticaret sicili bulunmas\u0131 nedeniyle te\u015fvikten \u00e7\u0131kar\u0131lan ve art\u0131k mesle\u011fini icra etmeyenlerin kendi m\u00fcd\u00fcrl\u00fcklerinde ticaret sicilini inceleyerek sicillerinin silinmesini ve s\u00fcbvansiyona iade edilmesini istedi.<\/p>\n<p style=\"text-align: justify;\">Bakanl\u0131\u011f\u0131n bug\u00fcn yay\u0131nlad\u0131\u011f\u0131 ve SANA\u2019n\u0131n bir n\u00fcshas\u0131n\u0131 ald\u0131\u011f\u0131 beyanda, kendi adlar\u0131na ticaret sicili bulunmas\u0131 nedeniyle destekten \u00e7\u0131kar\u0131lan ve art\u0131k mesle\u011fi icra etmeyen t\u00fcm vatanda\u015flar\u0131n, sicillerinin silinmesi i\u00e7in valiliklerindeki i\u00e7 ticaret m\u00fcd\u00fcrl\u00fcklerinde ticaret sicilini inceleyebilecekleri belirtildi.<\/p>\n<p style=\"text-align: justify;\">P.M.<\/p>\n","protected":false},"excerpt":{"rendered":"<p>\u015eAM \u2013 \u0130\u00e7 Ticaret ve T\u00fcketicinin Korunmas\u0131 Bakanl\u0131\u011f\u0131, kendi adlar\u0131na ticaret sicili bulunmas\u0131 nedeniyle te\u015fvikten \u00e7\u0131kar\u0131lan ve art\u0131k mesle\u011fini icra etmeyenlerin kendi m\u00fcd\u00fcrl\u00fcklerinde ticaret sicilini inceleyerek sicillerinin silinmesini ve s\u00fcbvansiyona iade edilmesini istedi. Bakanl\u0131\u011f\u0131n bug\u00fcn yay\u0131nlad\u0131\u011f\u0131 ve SANA\u2019n\u0131n bir n\u00fcshas\u0131n\u0131 ald\u0131\u011f\u0131 beyanda, kendi adlar\u0131na ticaret sicili bulunmas\u0131 nedeniyle destekten \u00e7\u0131kar\u0131lan ve art\u0131k mesle\u011fi icra etmeyen &hellip;<\/p>\n","protected":false},"author":1,"featured_media":249515,"comment_status":"closed","ping_status":"closed","sticky":false,"template":"","format":"standard","meta":{"footnotes":""},"categories":[479,17988,478],"tags":[],"class_list":["post-249514","post","type-post","status-publish","format-standard","has-post-thumbnail","","category-haberler-yerel","category-son-haberler","category-yerel"],"_links":{"self":[{"href":"https:\/\/archive.sana.sy\/tr\/index.php?rest_route=\/wp\/v2\/posts\/249514","targetHints":{"allow":["GET"]}}],"collection":[{"href":"https:\/\/archive.sana.sy\/tr\/index.php?rest_route=\/wp\/v2\/posts"}],"about":[{"href":"https:\/\/archive.sana.sy\/tr\/index.php?rest_route=\/wp\/v2\/types\/post"}],"author":[{"embeddable":true,"href":"https:\/\/archive.sana.sy\/tr\/index.php?rest_route=\/wp\/v2\/users\/1"}],"replies":[{"embeddable":true,"href":"https:\/\/archive.sana.sy\/tr\/index.php?rest_route=%2Fwp%2Fv2%2Fcomments&post=249514"}],"version-history":[{"count":0,"href":"https:\/\/archive.sana.sy\/tr\/index.php?rest_route=\/wp\/v2\/posts\/249514\/revisions"}],"wp:featuredmedia":[{"embeddable":true,"href":"https:\/\/archive.sana.sy\/tr\/index.php?rest_route=\/wp\/v2\/media\/249515"}],"wp:attachment":[{"href":"https:\/\/archive.sana.sy\/tr\/index.php?rest_route=%2Fwp%2Fv2%2Fmedia&parent=249514"}],"wp:term":[{"taxonomy":"category","embeddable":true,"href":"https:\/\/archive.sana.sy\/tr\/index.php?rest_route=%2Fwp%2Fv2%2Fcategories&post=249514"},{"taxonomy":"post_tag","embeddable":true,"href":"https:\/\/archive.sana.sy\/tr\/index.php?rest_route=%2Fwp%2Fv2%2Ftags&post=249514"}],"curies":[{"name":"wp","href":"https:\/\/api.w.org\/{rel}","templated":true}]}}