{"id":24954,"date":"2015-02-26T21:00:10","date_gmt":"2015-02-26T19:00:10","guid":{"rendered":"http:\/\/www.sana.sy\/tr\/?p=24954"},"modified":"2015-02-27T19:30:15","modified_gmt":"2015-02-27T17:30:15","slug":"terorle-mucadele-tum-bolgelerde-israr-ve-azimle-devam-ediyor","status":"publish","type":"post","link":"https:\/\/archive.sana.sy\/tr\/?p=24954","title":{"rendered":"Ter\u00f6rle M\u00fccadele T\u00fcm B\u00f6lgelerde Israr ve Azimle Devam Ediyor"},"content":{"rendered":"<p>\u0130LLER \u2013 Kahraman ordu birliklerimizin ter\u00f6rle m\u00fccadele \u00e7er\u00e7evesindeki ba\u015far\u0131l\u0131 operasyonlar\u0131 t\u00fcm h\u0131z\u0131yla s\u00fcrerken ba\u015fta I\u015e\u0130D ve Nusra Cephesi olmak \u00fczere ter\u00f6r \u00f6rg\u00fctlerinin a\u011f\u0131r kay\u0131plar\u0131 devam ediyor.<\/p>\n<p><span style=\"color: #0000ff\">Deyrezzor\u2019da I\u015e\u0130D Ter\u00f6ristleri Say\u0131 ve Cephane Bak\u0131m\u0131ndan A\u011f\u0131r Hasarlara U\u011frat\u0131ld\u0131<\/span><\/p>\n<p>Ordu ve silahl\u0131 kuvvetlerimize tabi ordu birliklerimiz Deyrezzor k\u0131rsal\u0131nda I\u015e\u0130D ter\u00f6r \u00f6rg\u00fct\u00fc ter\u00f6ristlerinin toplanma merkezlerine y\u00f6nelik ba\u015far\u0131l\u0131 operasyonlar\u0131n\u0131n \u00e7emberini geni\u015fleterek \u00e7ok say\u0131da ter\u00f6risti \u00f6ld\u00fcrd\u00fc.<\/p>\n<p>Askeri kaynak, ordu birliklerimizin Deyrezzor ilinin g\u00fcneydo\u011fusundaki Cufra\u2019da d\u00fczenledi\u011fi ba\u015far\u0131l\u0131 operasyon sonucunda I\u015e\u0130D ter\u00f6r \u00f6rg\u00fct\u00fcnden \u00e7ok say\u0131da ter\u00f6risti \u00f6ld\u00fcrd\u00fcklerini baz\u0131 ara\u00e7lar\u0131yla birlikte silah ve cephanelerini de imha ettiklerini s\u00f6yledi.<\/p>\n<p>Kaynak, Deyrezzor ili do\u011fusunda yer alan Mre\u2019iye K\u00f6y\u00fcnde de I\u015e\u0130D ter\u00f6ristlerinin toplanma merkezlerine y\u00f6nelik d\u00fczenledi\u011fi ba\u015far\u0131l\u0131 operasyonlar sonucunda \u00e7ok say\u0131da I\u015e\u0130D ter\u00f6ristini \u00f6l\u00fc ve yaral\u0131 d\u00fc\u015f\u00fcrd\u00fcklerini s\u00f6yledi.<\/p>\n<p><span style=\"color: #0000ff\">\u015eam K\u0131rsal\u0131 Kalamun Da\u011flar\u0131 ve Hamrit\u2019te H\u00fccre ve Ara\u00e7lar\u0131 \u0130mha Edildi<\/span><\/p>\n<p>Ordu birliklerimiz \u015eam K\u0131rsal\u0131 Kalamun Da\u011flar\u0131 ve Hamrit b\u00f6lgelerinde ter\u00f6rist \u00f6rg\u00fctlere ait baz\u0131 h\u00fccre ve ara\u00e7lar\u0131 imha etti.<\/p>\n<p>Askeri kaynak, Kalamun da\u011flar\u0131ndan kendilerine h\u00fccre edinen tekfiri ter\u00f6rist \u00f6rg\u00fctlere y\u00f6nelik d\u00fczenlenen askeri operasyonlar sonucunda \u00e7ok say\u0131da ter\u00f6ristin \u00f6l\u00fc ve yaral\u0131 d\u00fc\u015f\u00fcr\u00fcld\u00fcklerini belirtti.<\/p>\n<p>Kaynak, operasyonlarda i\u00e7indeki silah ve cephaneyle birlikte baz\u0131 ara\u00e7lar\u0131n imha edildi\u011fine i\u015faret etti.<\/p>\n<p>Askeri kaynak; ordu birliklerimizin \u015eam k\u0131rsal\u0131 el Hebariye, Sebseba, Himriyet, Tlul Fatima, Kefar Nasic ve el T\u0131yha b\u00f6lgelerinde ter\u00f6ristlerin toplanma yerlerini hedef almalar\u0131yla \u00e7ok say\u0131da ter\u00f6risti \u00f6l\u00fc ve yaral\u0131 d\u00fc\u015f\u00fcrd\u00fcklerini s\u00f6yledi.<\/p>\n<p>Bu arada ordu birliklerimiz \u015eam k\u0131rsal\u0131nda Dera il s\u0131n\u0131rlar\u0131na yak\u0131n Deyr el Ades \u2013 Kefar Nasic \u2013 Kefar \u015eems \u00fc\u00e7genine ilaveten Tel Karin ve Tel el Hara b\u00f6lgelerinde ter\u00f6r \u00f6rg\u00fctlere ait ara\u00e7lar, silahlar ve m\u00fchimmatlar\u0131 imha edip \u00e7ok say\u0131da ter\u00f6risti \u00f6l\u00fc ve yaral\u0131 d\u00fc\u015f\u00fcrd\u00fc.<\/p>\n<p><span style=\"color: #0000ff\">Dera K\u0131rsal\u0131nda Ter\u00f6ristler A\u011f\u0131r Kay\u0131plara U\u011frat\u0131ld\u0131<\/span><\/p>\n<p>Askeri kaynak, ordu birliklerimizin Dera k\u0131rsal\u0131n\u0131n Nahite-Hirak yolu \u00fczerinde bir ter\u00f6r grubunun t\u00fcm elemanlar\u0131n\u0131 \u00f6l\u00fc ve yaral\u0131 d\u00fc\u015f\u00fcrd\u00fcklerini Tel Anter\u2019de i\u00e7indekilerle birlikte baz\u0131 ara\u00e7lar\u0131n\u0131 imha ettiklerini s\u00f6yledi.<\/p>\n<p>Kaynak \u00f6te yandan, ordu birliklerimizin\u00a0 g\u00fcneybat\u0131 \u015eam K\u0131rsal\u0131, Dera ve Kunaytra k\u0131rsallar\u0131 \u00fc\u00e7genindeki b\u00f6lgeye hakim olan tepeler yan\u0131 s\u0131ra Hebbariye, Kefar Nasec, Teyha ve Sebseba Beldelerinin bir \u00e7ok ekseninden ter\u00f6ristlerin toplanma merkezlerine y\u00f6nelik\u00a0 d\u00fczenledi\u011fi ba\u015far\u0131l\u0131 operasyonlar sonucunda \u00e7ok say\u0131da ter\u00f6ristin \u00f6ld\u00fcr\u00fcld\u00fc\u011f\u00fcn\u00fc belirtti.<\/p>\n<p>Kaynak bu arada, Suriye-\u00dcrd\u00fcn y\u00f6n\u00fcnde g\u00f6rev yapan kuvvetlerimizin Dera g\u00fcneydo\u011fu k\u0131rsal\u0131n\u0131n Semec K\u00f6y\u00fcnde h\u00fccrelerinin birinden cephane y\u00fckleyen bir ter\u00f6r grubunun t\u00fcm elemanlar\u0131n\u0131 \u00f6l\u00fc d\u00fc\u015f\u00fcrd\u00fcklerini ifade etti.<\/p>\n<p>Ordu birliklerimiz Dera Beled\u2019ta Kerk Semtine ilaveten Dera k\u0131rsal\u0131n\u0131n T\u0131ys\u0131ya ve Busra b\u00f6lgelerinde ter\u00f6r \u00f6rg\u00fctlere kar\u015f\u0131 nitelikli operasyonlar\u0131n\u0131 s\u00fcrd\u00fcr\u00fcyor.<\/p>\n<p>Askeri kaynak; ordu birliklerimizin operasyonlar\u0131nda silah ve m\u00fchimmatlar\u0131yla birlikte \u00e7ok say\u0131da ter\u00f6risti \u00f6l\u00fc ve yaral\u0131 d\u00fc\u015f\u00fcrd\u00fcklerini ifade etti.<\/p>\n<p><span style=\"color: #0000ff\">\u0130dlib K\u0131rsal\u0131nda \u00c7ok Say\u0131da Ter\u00f6rist Etkisiz Hale Getirildi<\/span><\/p>\n<p>Askeri kaynak ordu birliklerimizin \u0130dlib k\u0131rsal\u0131 Kefar Cales\u2019in do\u011fusu, el Hab\u0131t ve Bahurin\u2019in kuzeyinde ter\u00f6ristlere y\u00f6nelik d\u00fczenledikleri operasyonlar sonucunda \u00e7ok say\u0131da ter\u00f6risti \u00f6ld\u00fcrd\u00fcklerini s\u00f6yledi.<\/p>\n<p>\u00d6te yandan ordu birliklerimiz \u0130dlib k\u0131rsal\u0131n\u0131n do\u011fusu Tel Selmo, Hamidiye, Um Crin ve Ebu Zuhur b\u00f6lgelerinde Nusra Cephesi ve Ahrar el \u015eam \u00f6rg\u00fctlerin toplanma yerleri ve mevkilerini hedef ald\u0131.<\/p>\n<p>Operasyonlarda silah ve m\u00fchimmatlar\u0131yla birlikte \u00e7ok say\u0131da ter\u00f6ristin \u00f6l\u00fc ve yaral\u0131 d\u00fc\u015f\u00fcr\u00fcld\u00fc.<\/p>\n<p>Di\u011fer yandan ordu birliklerimize tabi bomba imha ekipleri \u0130dlib k\u0131rsal\u0131n\u0131n Cisr el \u015eu\u011fur B\u00f6lgesindeki el Karkuk K\u00f6y\u00fcn\u00fcn do\u011fusunda ter\u00f6ristler taraf\u0131ndan yerle\u015ftirilen ve her biri yakla\u015f\u0131k 30 kg a\u011f\u0131rl\u0131\u011f\u0131nda olan 2 bomba d\u00fczene\u011fini etkisizle\u015ftirdi.<\/p>\n<p>Ordu birliklerimiz \u0130dlib k\u0131rsal\u0131nda ter\u00f6ristlerin Kefriya ve el Fua beldelerine iki s\u0131zma giri\u015fimlerini \u00e7\u00f6kertmesiyle onlarca ter\u00f6risti \u00f6l\u00fc ve yaral\u0131 d\u00fc\u015f\u00fcrd\u00fc.<\/p>\n<p>Bu arada ter\u00f6ristler medya ara\u00e7lar\u0131nda &#8216;Sukur el \u015eam (\u015eam Kartallar\u0131) T\u00fcmenleri&#8217; adl\u0131 ter\u00f6r \u00e7etelere tabi &#8216;Selahattin T\u00fcmeni&#8217;nin s\u00f6zde askeri komutanlar\u0131ndan Mustafa Bar\u015fa\u2019n\u0131n \u00f6ld\u00fc\u011f\u00fcn\u00fc itiraf etti.<\/p>\n<p>Ter\u00f6r eleba\u015f\u0131 Bar\u015fa birka\u00e7 g\u00fcn \u00f6nce \u0130dlib k\u0131rsal\u0131nda ordu birliklerimiz taraf\u0131ndan yaralanmas\u0131 ard\u0131ndan T\u00fcrkiye&#8217;de Erdo\u011fan rejiminin hastanelerinde tedaviye al\u0131nm\u0131\u015ft\u0131.<\/p>\n<p><span style=\"color: #0000ff\">Homs Aidin Kamp\u0131nda Ter\u00f6r H\u00fccresine Operasyonda Baz\u0131 Ter\u00f6ristler \u00d6ld\u00fcr\u00fcld\u00fc<\/span><\/p>\n<p>Ordu birliklerimiz yetkili birimlerin i\u015fbirli\u011fi ile Homs ili g\u00fcney y\u00f6n\u00fcnde yer alan el Aidin Kamp\u0131nda ter\u00f6ristlerin bir h\u00fccresine y\u00f6nelik\u00a0 bask\u0131n operasyonu d\u00fczenledi.<\/p>\n<p>Askeri kaynak, ba\u015far\u0131l\u0131 bask\u0131n operasyonu sonucunda baz\u0131 ter\u00f6ristlerin \u00f6l\u00fc d\u00fc\u015f\u00fcr\u00fclerek ter\u00f6ristlere ait muhtelif t\u00fcr silah ve cephaneye el koyduklar\u0131n\u0131 belirtti.<\/p>\n<p>Askeri kaynak, ordu birliklerimizin\u00a0 Tedmur k\u0131rsal\u0131 el \u015eaer petrol kuyular\u0131 \u00e7evresinde ter\u00f6rist elemanlar\u0131 kovalama operasyonlar\u0131n\u0131 s\u00fcrd\u00fcrmesi esnas\u0131nda h\u00fccreleri ve ara\u00e7lar\u0131na y\u00f6nelik d\u00fczenledi\u011fi ba\u015far\u0131l\u0131 operasyonlar sonucunda\u00a0 I\u015e\u0130D ter\u00f6r \u00f6rg\u00fct\u00fcnden baz\u0131 ter\u00f6ristleri \u00f6l\u00fc d\u00fc\u015f\u00fcrd\u00fcklerini s\u00f6yledi.<\/p>\n<p>Kaynak,\u00a0 ter\u00f6ristlerin ahalisini m\u00fclklerini sabote etmeleri ard\u0131ndan g\u00f6\u00e7 ettirdikleri Beyt Dervi\u015f \u00c7iftlikleri, Telbise\u2019ye ba\u011fl\u0131 Um \u015eer\u015fuh K\u00f6y\u00fc, el Beduv mahallesi Beyt el Mukantar\u2019da \u00e7ok say\u0131da tekfiri ter\u00f6risti \u00f6ld\u00fcrd\u00fcklerini s\u00f6yledi.<\/p>\n<p><span style=\"color: #0000ff\">Nazihin B\u00f6lgesinde Ter\u00f6r Yuvas\u0131 Bas\u0131ld\u0131<\/span><\/p>\n<p>Bu arada ordu birliklerimiz Homs Kentinin g\u00fcneyine d\u00fc\u015fen Vafidin Semtinde g\u00fcvenlik g\u00fc\u00e7lerinin i\u015f birli\u011fi ile bir ter\u00f6r karargah\u0131na bask\u0131n operasyonu d\u00fczenledi.<\/p>\n<p>Askeri kaynak operasyonda bir\u00e7ok ter\u00f6ristin \u00f6l\u00fc, bir k\u0131sm\u0131n\u0131n da canl\u0131 olarak yakaland\u0131\u011f\u0131n\u0131 aktar\u0131rken, havzalar\u0131nda muhtelif t\u00fcr silah ve m\u00fchimmat\u0131n yan\u0131 s\u0131ra muhtelif hacimlerde \u00e7ok say\u0131da bomba d\u00fczene\u011finin de ele ge\u00e7irildi\u011fini belirtti.<\/p>\n<div id='gallery-1' class='gallery galleryid-24954 gallery-columns-2 gallery-size-thumbnail'><figure class='gallery-item'>\n\t\t\t<div class='gallery-icon landscape'>\n\t\t\t\t<a href='https:\/\/archive.sana.sy\/tr\/wp-content\/uploads\/2015\/02\/silah-ve-m\u00fchimmatlar.jpg'><img loading=\"lazy\" decoding=\"async\" width=\"150\" height=\"80\" src=\"https:\/\/archive.sana.sy\/tr\/wp-content\/uploads\/2015\/02\/silah-ve-m\u00fchimmatlar-150x80.jpg\" class=\"attachment-thumbnail size-thumbnail\" alt=\"\" srcset=\"https:\/\/archive.sana.sy\/tr\/wp-content\/uploads\/2015\/02\/silah-ve-m\u00fchimmatlar-150x80.jpg 150w, https:\/\/archive.sana.sy\/tr\/wp-content\/uploads\/2015\/02\/silah-ve-m\u00fchimmatlar-300x160.jpg 300w, https:\/\/archive.sana.sy\/tr\/wp-content\/uploads\/2015\/02\/silah-ve-m\u00fchimmatlar.jpg 620w\" sizes=\"auto, (max-width: 150px) 100vw, 150px\" \/><\/a>\n\t\t\t<\/div><\/figure><figure class='gallery-item'>\n\t\t\t<div class='gallery-icon landscape'>\n\t\t\t\t<a href='https:\/\/archive.sana.sy\/tr\/wp-content\/uploads\/2015\/02\/silah-ve-m\u00fchimmatlar-1.jpg'><img loading=\"lazy\" decoding=\"async\" width=\"150\" height=\"80\" src=\"https:\/\/archive.sana.sy\/tr\/wp-content\/uploads\/2015\/02\/silah-ve-m\u00fchimmatlar-1-150x80.jpg\" class=\"attachment-thumbnail size-thumbnail\" alt=\"\" srcset=\"https:\/\/archive.sana.sy\/tr\/wp-content\/uploads\/2015\/02\/silah-ve-m\u00fchimmatlar-1-150x80.jpg 150w, https:\/\/archive.sana.sy\/tr\/wp-content\/uploads\/2015\/02\/silah-ve-m\u00fchimmatlar-1-300x160.jpg 300w, https:\/\/archive.sana.sy\/tr\/wp-content\/uploads\/2015\/02\/silah-ve-m\u00fchimmatlar-1.jpg 620w\" sizes=\"auto, (max-width: 150px) 100vw, 150px\" \/><\/a>\n\t\t\t<\/div><\/figure><figure class='gallery-item'>\n\t\t\t<div class='gallery-icon landscape'>\n\t\t\t\t<a href='https:\/\/archive.sana.sy\/tr\/wp-content\/uploads\/2015\/02\/ter\u00f6rist1.jpg'><img loading=\"lazy\" decoding=\"async\" width=\"150\" height=\"80\" src=\"https:\/\/archive.sana.sy\/tr\/wp-content\/uploads\/2015\/02\/ter\u00f6rist1-150x80.jpg\" class=\"attachment-thumbnail size-thumbnail\" alt=\"\" srcset=\"https:\/\/archive.sana.sy\/tr\/wp-content\/uploads\/2015\/02\/ter\u00f6rist1-150x80.jpg 150w, https:\/\/archive.sana.sy\/tr\/wp-content\/uploads\/2015\/02\/ter\u00f6rist1-300x160.jpg 300w, https:\/\/archive.sana.sy\/tr\/wp-content\/uploads\/2015\/02\/ter\u00f6rist1.jpg 620w\" sizes=\"auto, (max-width: 150px) 100vw, 150px\" \/><\/a>\n\t\t\t<\/div><\/figure><figure class='gallery-item'>\n\t\t\t<div class='gallery-icon landscape'>\n\t\t\t\t<a href='https:\/\/archive.sana.sy\/tr\/wp-content\/uploads\/2015\/02\/ter\u00f6rist-1.jpg'><img loading=\"lazy\" decoding=\"async\" width=\"150\" height=\"80\" src=\"https:\/\/archive.sana.sy\/tr\/wp-content\/uploads\/2015\/02\/ter\u00f6rist-1-150x80.jpg\" class=\"attachment-thumbnail size-thumbnail\" alt=\"\" srcset=\"https:\/\/archive.sana.sy\/tr\/wp-content\/uploads\/2015\/02\/ter\u00f6rist-1-150x80.jpg 150w, https:\/\/archive.sana.sy\/tr\/wp-content\/uploads\/2015\/02\/ter\u00f6rist-1-300x160.jpg 300w, https:\/\/archive.sana.sy\/tr\/wp-content\/uploads\/2015\/02\/ter\u00f6rist-1.jpg 620w\" sizes=\"auto, (max-width: 150px) 100vw, 150px\" \/><\/a>\n\t\t\t<\/div><\/figure><figure class='gallery-item'>\n\t\t\t<div class='gallery-icon landscape'>\n\t\t\t\t<a href='https:\/\/archive.sana.sy\/tr\/wp-content\/uploads\/2015\/02\/ter\u00f6rist-2.jpg'><img loading=\"lazy\" decoding=\"async\" width=\"150\" height=\"80\" src=\"https:\/\/archive.sana.sy\/tr\/wp-content\/uploads\/2015\/02\/ter\u00f6rist-2-150x80.jpg\" class=\"attachment-thumbnail size-thumbnail\" alt=\"\" srcset=\"https:\/\/archive.sana.sy\/tr\/wp-content\/uploads\/2015\/02\/ter\u00f6rist-2-150x80.jpg 150w, https:\/\/archive.sana.sy\/tr\/wp-content\/uploads\/2015\/02\/ter\u00f6rist-2-300x160.jpg 300w, https:\/\/archive.sana.sy\/tr\/wp-content\/uploads\/2015\/02\/ter\u00f6rist-2.jpg 620w\" sizes=\"auto, (max-width: 150px) 100vw, 150px\" \/><\/a>\n\t\t\t<\/div><\/figure><figure class='gallery-item'>\n\t\t\t<div class='gallery-icon landscape'>\n\t\t\t\t<a href='https:\/\/archive.sana.sy\/tr\/wp-content\/uploads\/2015\/02\/ter\u00f6rist-3.jpg'><img loading=\"lazy\" decoding=\"async\" width=\"150\" height=\"80\" src=\"https:\/\/archive.sana.sy\/tr\/wp-content\/uploads\/2015\/02\/ter\u00f6rist-3-150x80.jpg\" class=\"attachment-thumbnail size-thumbnail\" alt=\"\" srcset=\"https:\/\/archive.sana.sy\/tr\/wp-content\/uploads\/2015\/02\/ter\u00f6rist-3-150x80.jpg 150w, https:\/\/archive.sana.sy\/tr\/wp-content\/uploads\/2015\/02\/ter\u00f6rist-3-300x160.jpg 300w, https:\/\/archive.sana.sy\/tr\/wp-content\/uploads\/2015\/02\/ter\u00f6rist-3.jpg 620w\" sizes=\"auto, (max-width: 150px) 100vw, 150px\" \/><\/a>\n\t\t\t<\/div><\/figure><figure class='gallery-item'>\n\t\t\t<div class='gallery-icon landscape'>\n\t\t\t\t<a href='https:\/\/archive.sana.sy\/tr\/wp-content\/uploads\/2015\/02\/ter\u00f6rist-4.jpg'><img loading=\"lazy\" decoding=\"async\" width=\"150\" height=\"80\" src=\"https:\/\/archive.sana.sy\/tr\/wp-content\/uploads\/2015\/02\/ter\u00f6rist-4-150x80.jpg\" class=\"attachment-thumbnail size-thumbnail\" alt=\"\" srcset=\"https:\/\/archive.sana.sy\/tr\/wp-content\/uploads\/2015\/02\/ter\u00f6rist-4-150x80.jpg 150w, https:\/\/archive.sana.sy\/tr\/wp-content\/uploads\/2015\/02\/ter\u00f6rist-4-300x160.jpg 300w, https:\/\/archive.sana.sy\/tr\/wp-content\/uploads\/2015\/02\/ter\u00f6rist-4.jpg 620w\" sizes=\"auto, (max-width: 150px) 100vw, 150px\" \/><\/a>\n\t\t\t<\/div><\/figure>\n\t\t<\/div>\n\n<p>M.M. &#8211; S.\u015e. &#8211; R.H.<\/p>\n","protected":false},"excerpt":{"rendered":"<p>\u0130LLER \u2013 Kahraman ordu birliklerimizin ter\u00f6rle m\u00fccadele \u00e7er\u00e7evesindeki ba\u015far\u0131l\u0131 operasyonlar\u0131 t\u00fcm h\u0131z\u0131yla s\u00fcrerken ba\u015fta I\u015e\u0130D ve Nusra Cephesi olmak \u00fczere ter\u00f6r \u00f6rg\u00fctlerinin a\u011f\u0131r kay\u0131plar\u0131 devam ediyor. Deyrezzor\u2019da I\u015e\u0130D Ter\u00f6ristleri Say\u0131 ve Cephane Bak\u0131m\u0131ndan A\u011f\u0131r Hasarlara U\u011frat\u0131ld\u0131 Ordu ve silahl\u0131 kuvvetlerimize tabi ordu birliklerimiz Deyrezzor k\u0131rsal\u0131nda I\u015e\u0130D ter\u00f6r \u00f6rg\u00fct\u00fc ter\u00f6ristlerinin toplanma merkezlerine y\u00f6nelik ba\u015far\u0131l\u0131 operasyonlar\u0131n\u0131n \u00e7emberini &hellip;<\/p>\n","protected":false},"author":1,"featured_media":24955,"comment_status":"closed","ping_status":"closed","sticky":false,"template":"","format":"standard","meta":{"footnotes":""},"categories":[575],"tags":[11883],"class_list":["post-24954","post","type-post","status-publish","format-standard","has-post-thumbnail","","category-olaylar-ve-gercekler","tag-terorle-mucadele-tum-bolgelerde-israr-ve-azimle-devam-ediyor-iller-kahraman-ordu-birliklerimizin-terorle-mucadele-cercevesindeki-basarili-operasyonlari-tum-hiziyla-surerken-basta-isid-ve-nus"],"_links":{"self":[{"href":"https:\/\/archive.sana.sy\/tr\/index.php?rest_route=\/wp\/v2\/posts\/24954","targetHints":{"allow":["GET"]}}],"collection":[{"href":"https:\/\/archive.sana.sy\/tr\/index.php?rest_route=\/wp\/v2\/posts"}],"about":[{"href":"https:\/\/archive.sana.sy\/tr\/index.php?rest_route=\/wp\/v2\/types\/post"}],"author":[{"embeddable":true,"href":"https:\/\/archive.sana.sy\/tr\/index.php?rest_route=\/wp\/v2\/users\/1"}],"replies":[{"embeddable":true,"href":"https:\/\/archive.sana.sy\/tr\/index.php?rest_route=%2Fwp%2Fv2%2Fcomments&post=24954"}],"version-history":[{"count":0,"href":"https:\/\/archive.sana.sy\/tr\/index.php?rest_route=\/wp\/v2\/posts\/24954\/revisions"}],"wp:featuredmedia":[{"embeddable":true,"href":"https:\/\/archive.sana.sy\/tr\/index.php?rest_route=\/wp\/v2\/media\/24955"}],"wp:attachment":[{"href":"https:\/\/archive.sana.sy\/tr\/index.php?rest_route=%2Fwp%2Fv2%2Fmedia&parent=24954"}],"wp:term":[{"taxonomy":"category","embeddable":true,"href":"https:\/\/archive.sana.sy\/tr\/index.php?rest_route=%2Fwp%2Fv2%2Fcategories&post=24954"},{"taxonomy":"post_tag","embeddable":true,"href":"https:\/\/archive.sana.sy\/tr\/index.php?rest_route=%2Fwp%2Fv2%2Ftags&post=24954"}],"curies":[{"name":"wp","href":"https:\/\/api.w.org\/{rel}","templated":true}]}}