{"id":249575,"date":"2022-02-04T12:42:36","date_gmt":"2022-02-04T10:42:36","guid":{"rendered":"http:\/\/107.6.182.27\/tr\/?p=249575"},"modified":"2022-02-06T08:12:08","modified_gmt":"2022-02-06T06:12:08","slug":"dsg-milisleri-rakkada-13-vatandasi-kacirdi","status":"publish","type":"post","link":"https:\/\/archive.sana.sy\/tr\/?p=249575","title":{"rendered":"DSG Milisleri, Rakka\u2019da 13 Vatanda\u015f\u0131 Ka\u00e7\u0131rd\u0131"},"content":{"rendered":"<p>RAKKA \u2013 Amerikan i\u015fgal g\u00fc\u00e7leri taraf\u0131ndan desteklenen \u201cDSG\u201d milisleri Suriye\u2019nin El Cezire b\u00f6lgesinde i\u015fgal etti\u011fi b\u00f6lgelerde sivillere y\u00f6nelik bask\u0131c\u0131 uygulamalar\u0131na devam ederek, bu milislerin Rakka \u015fehrine ve k\u0131rsal\u0131ndaki Ayn \u0130sa kentine bask\u0131n d\u00fczenleyip, 13 svatanda\u015f\u0131 ka\u00e7\u0131rd\u0131.<\/p>\n<p>Yerel kaynaklar SANA muhabirine, DSG milislerinin, Rakka \u015fehrinde bir dizi eve bask\u0131n d\u00fczenleyerek aralar\u0131nda ya\u015fl\u0131lar\u0131n da bulundu\u011fu sekiz sivili ka\u00e7\u0131r\u0131p bilinmeyen bir yere g\u00f6t\u00fcrd\u00fcklerini belirtti.<\/p>\n<p>Kaynaklar, DSG milisleri\u2019ne ba\u011fl\u0131 silahl\u0131 grublar\u0131n, kent i\u00e7inde soka\u011fa \u00e7\u0131kma yasa\u011f\u0131 ilan etmesi ve ana caddelere barikatlar kurduktan sonra Rakka k\u0131rsal\u0131n\u0131n kuzeyinde yer alan Ayn \u0130sa kentine de bask\u0131n d\u00fczenledi\u011fini belirtirken,\u00a0 5 vatanda\u015f\u0131 ka\u00e7\u0131r\u0131p bilinmeyen bir yere g\u00f6t\u00fcrd\u00fcklerine i\u015faret etti.<\/p>\n","protected":false},"excerpt":{"rendered":"<p>RAKKA \u2013 Amerikan i\u015fgal g\u00fc\u00e7leri taraf\u0131ndan desteklenen \u201cDSG\u201d milisleri Suriye\u2019nin El Cezire b\u00f6lgesinde i\u015fgal etti\u011fi b\u00f6lgelerde sivillere y\u00f6nelik bask\u0131c\u0131 uygulamalar\u0131na devam ederek, bu milislerin Rakka \u015fehrine ve k\u0131rsal\u0131ndaki Ayn \u0130sa kentine bask\u0131n d\u00fczenleyip, 13 svatanda\u015f\u0131 ka\u00e7\u0131rd\u0131. Yerel kaynaklar SANA muhabirine, DSG milislerinin, Rakka \u015fehrinde bir dizi eve bask\u0131n d\u00fczenleyerek aralar\u0131nda ya\u015fl\u0131lar\u0131n da bulundu\u011fu sekiz sivili &hellip;<\/p>\n","protected":false},"author":36,"featured_media":249577,"comment_status":"closed","ping_status":"closed","sticky":false,"template":"","format":"standard","meta":{"footnotes":""},"categories":[479,575,17988,478],"tags":[],"class_list":["post-249575","post","type-post","status-publish","format-standard","has-post-thumbnail","","category-haberler-yerel","category-olaylar-ve-gercekler","category-son-haberler","category-yerel"],"_links":{"self":[{"href":"https:\/\/archive.sana.sy\/tr\/index.php?rest_route=\/wp\/v2\/posts\/249575","targetHints":{"allow":["GET"]}}],"collection":[{"href":"https:\/\/archive.sana.sy\/tr\/index.php?rest_route=\/wp\/v2\/posts"}],"about":[{"href":"https:\/\/archive.sana.sy\/tr\/index.php?rest_route=\/wp\/v2\/types\/post"}],"author":[{"embeddable":true,"href":"https:\/\/archive.sana.sy\/tr\/index.php?rest_route=\/wp\/v2\/users\/36"}],"replies":[{"embeddable":true,"href":"https:\/\/archive.sana.sy\/tr\/index.php?rest_route=%2Fwp%2Fv2%2Fcomments&post=249575"}],"version-history":[{"count":0,"href":"https:\/\/archive.sana.sy\/tr\/index.php?rest_route=\/wp\/v2\/posts\/249575\/revisions"}],"wp:featuredmedia":[{"embeddable":true,"href":"https:\/\/archive.sana.sy\/tr\/index.php?rest_route=\/wp\/v2\/media\/249577"}],"wp:attachment":[{"href":"https:\/\/archive.sana.sy\/tr\/index.php?rest_route=%2Fwp%2Fv2%2Fmedia&parent=249575"}],"wp:term":[{"taxonomy":"category","embeddable":true,"href":"https:\/\/archive.sana.sy\/tr\/index.php?rest_route=%2Fwp%2Fv2%2Fcategories&post=249575"},{"taxonomy":"post_tag","embeddable":true,"href":"https:\/\/archive.sana.sy\/tr\/index.php?rest_route=%2Fwp%2Fv2%2Ftags&post=249575"}],"curies":[{"name":"wp","href":"https:\/\/api.w.org\/{rel}","templated":true}]}}