{"id":249582,"date":"2022-02-05T09:26:52","date_gmt":"2022-02-05T07:26:52","guid":{"rendered":"http:\/\/107.6.182.27\/tr\/?p=249582"},"modified":"2022-10-16T10:21:34","modified_gmt":"2022-10-16T07:21:34","slug":"cumhurbaskani-esadin-teklifiyle-tartus-valisi-sehit-hemsire-muhammed-mihoubun-vefati-uzerine-bassagligi-diledi","status":"publish","type":"post","link":"https:\/\/archive.sana.sy\/tr\/?p=249582","title":{"rendered":"Cumhurba\u015fkan\u0131 Esad\u2019\u0131n Teklifiyle.. Tartus Valisi \u015eehit Hem\u015fire Muhammed Mahiyub\u2019un Vefat\u0131 \u00dczerine Ba\u015fsa\u011fl\u0131\u011f\u0131 Diledi"},"content":{"rendered":"<p>TARTUS \u2013 Cumhurba\u015fkan\u0131 Be\u015far Esad&#8217;\u0131n Teklifiyle, Tartus Valisi avukat Safwan Abu Saadi, Tartus Sa\u011fl\u0131k M\u00fcd\u00fcrl\u00fc\u011f\u00fc&#8217;nde ambulans ve acil durum sisteminde \u00e7al\u0131\u015fan g\u00f6rev \u015fehidi hem\u015fire Muhammed Hamid Mahiyub\u2019un vefat\u0131 nedeniyle taziyelerini iletti.<\/p>\n<p><img loading=\"lazy\" decoding=\"async\" class=\"size-medium wp-image-249583 alignright\" src=\"http:\/\/107.6.182.27\/tr\/wp-content\/uploads\/2022\/02\/1-6-300x200.jpg\" alt=\"\" width=\"300\" height=\"200\" srcset=\"https:\/\/archive.sana.sy\/tr\/wp-content\/uploads\/2022\/02\/1-6-300x200.jpg 300w, https:\/\/archive.sana.sy\/tr\/wp-content\/uploads\/2022\/02\/1-6-150x100.jpg 150w, https:\/\/archive.sana.sy\/tr\/wp-content\/uploads\/2022\/02\/1-6.jpg 660w\" sizes=\"auto, (max-width: 300px) 100vw, 300px\" \/>Tartus Valisi, \u015fehidin ailesine ve \u00e7al\u0131\u015fma arkada\u015flar\u0131na Cumhurba\u015fkan\u0131 Esad&#8217;\u0131n taziyelerini ileterek, Allah&#8217;tan kendilerine sab\u0131r ve teselli ilham etmesini ve g\u00f6rev \u015fehidine merhamet etmesini diledi.<\/p>\n<p>Buna kar\u015f\u0131l\u0131k \u015fehidin ailesi, bu insani jest i\u00e7in Cumhurba\u015fkan Esad&#8217;a te\u015fekk\u00fcr ederek, Allah&#8217;n\u0131n onu korumas\u0131n\u0131 ve Suriye&#8217;nin d\u00fc\u015fmanlar\u0131na kar\u015f\u0131 zafer kazanmas\u0131n\u0131 diledi.<\/p>\n<p>Hem\u015fire Mahiyub, dizel ta\u015f\u0131yan bir tankerin birka\u00e7 meslekta\u015f\u0131yla birlikte bulundu\u011fu ambulansa \u00e7arpmas\u0131 sonucunda \u015fehit d\u00fc\u015ft\u00fc.<\/p>\n<p>Valiye taziyelerini sunarken Arap Sosyalist Baas Partisi&#8217;nin Tartus \u015fubesi Sekreteri Muhammed Habib H\u00fcseyin, polis \u015fefi Tu\u011fgeneral Musa Hasud El Cassim ve vilayetteki g\u00fcvenlik servislerinin ba\u015fkanlar\u0131 e\u015flik etti.<\/p>\n<div id='gallery-1' class='gallery galleryid-249582 gallery-columns-1 gallery-size-full'><figure class='gallery-item'>\n\t\t\t<div class='gallery-icon landscape'>\n\t\t\t\t<a href='https:\/\/archive.sana.sy\/tr\/wp-content\/uploads\/2022\/02\/3-4-1.jpg'><img loading=\"lazy\" decoding=\"async\" width=\"660\" height=\"413\" src=\"https:\/\/archive.sana.sy\/tr\/wp-content\/uploads\/2022\/02\/3-4-1.jpg\" class=\"attachment-full size-full\" alt=\"\" srcset=\"https:\/\/archive.sana.sy\/tr\/wp-content\/uploads\/2022\/02\/3-4-1.jpg 660w, https:\/\/archive.sana.sy\/tr\/wp-content\/uploads\/2022\/02\/3-4-1-300x188.jpg 300w, https:\/\/archive.sana.sy\/tr\/wp-content\/uploads\/2022\/02\/3-4-1-150x94.jpg 150w\" sizes=\"auto, (max-width: 660px) 100vw, 660px\" \/><\/a>\n\t\t\t<\/div><\/figure><figure class='gallery-item'>\n\t\t\t<div class='gallery-icon landscape'>\n\t\t\t\t<a href='https:\/\/archive.sana.sy\/tr\/wp-content\/uploads\/2022\/02\/3-7-1.jpg'><img loading=\"lazy\" decoding=\"async\" width=\"660\" height=\"400\" src=\"https:\/\/archive.sana.sy\/tr\/wp-content\/uploads\/2022\/02\/3-7-1.jpg\" class=\"attachment-full size-full\" alt=\"\" srcset=\"https:\/\/archive.sana.sy\/tr\/wp-content\/uploads\/2022\/02\/3-7-1.jpg 660w, https:\/\/archive.sana.sy\/tr\/wp-content\/uploads\/2022\/02\/3-7-1-300x182.jpg 300w, https:\/\/archive.sana.sy\/tr\/wp-content\/uploads\/2022\/02\/3-7-1-150x91.jpg 150w\" sizes=\"auto, (max-width: 660px) 100vw, 660px\" \/><\/a>\n\t\t\t<\/div><\/figure><figure class='gallery-item'>\n\t\t\t<div class='gallery-icon landscape'>\n\t\t\t\t<a href='https:\/\/archive.sana.sy\/tr\/wp-content\/uploads\/2022\/02\/3-8-1.jpg'><img loading=\"lazy\" decoding=\"async\" width=\"660\" height=\"402\" src=\"https:\/\/archive.sana.sy\/tr\/wp-content\/uploads\/2022\/02\/3-8-1.jpg\" class=\"attachment-full size-full\" alt=\"\" srcset=\"https:\/\/archive.sana.sy\/tr\/wp-content\/uploads\/2022\/02\/3-8-1.jpg 660w, https:\/\/archive.sana.sy\/tr\/wp-content\/uploads\/2022\/02\/3-8-1-300x183.jpg 300w, https:\/\/archive.sana.sy\/tr\/wp-content\/uploads\/2022\/02\/3-8-1-150x91.jpg 150w\" sizes=\"auto, (max-width: 660px) 100vw, 660px\" \/><\/a>\n\t\t\t<\/div><\/figure><figure class='gallery-item'>\n\t\t\t<div class='gallery-icon landscape'>\n\t\t\t\t<a href='https:\/\/archive.sana.sy\/tr\/wp-content\/uploads\/2022\/02\/3-9-1.jpg'><img loading=\"lazy\" decoding=\"async\" width=\"660\" height=\"406\" src=\"https:\/\/archive.sana.sy\/tr\/wp-content\/uploads\/2022\/02\/3-9-1.jpg\" class=\"attachment-full size-full\" alt=\"\" srcset=\"https:\/\/archive.sana.sy\/tr\/wp-content\/uploads\/2022\/02\/3-9-1.jpg 660w, https:\/\/archive.sana.sy\/tr\/wp-content\/uploads\/2022\/02\/3-9-1-300x185.jpg 300w, https:\/\/archive.sana.sy\/tr\/wp-content\/uploads\/2022\/02\/3-9-1-150x92.jpg 150w\" sizes=\"auto, (max-width: 660px) 100vw, 660px\" \/><\/a>\n\t\t\t<\/div><\/figure>\n\t\t<\/div>\n\n","protected":false},"excerpt":{"rendered":"<p>TARTUS \u2013 Cumhurba\u015fkan\u0131 Be\u015far Esad&#8217;\u0131n Teklifiyle, Tartus Valisi avukat Safwan Abu Saadi, Tartus Sa\u011fl\u0131k M\u00fcd\u00fcrl\u00fc\u011f\u00fc&#8217;nde ambulans ve acil durum sisteminde \u00e7al\u0131\u015fan g\u00f6rev \u015fehidi hem\u015fire Muhammed Hamid Mahiyub\u2019un vefat\u0131 nedeniyle taziyelerini iletti. Tartus Valisi, \u015fehidin ailesine ve \u00e7al\u0131\u015fma arkada\u015flar\u0131na Cumhurba\u015fkan\u0131 Esad&#8217;\u0131n taziyelerini ileterek, Allah&#8217;tan kendilerine sab\u0131r ve teselli ilham etmesini ve g\u00f6rev \u015fehidine merhamet etmesini diledi. &hellip;<\/p>\n","protected":false},"author":36,"featured_media":249588,"comment_status":"closed","ping_status":"closed","sticky":false,"template":"","format":"standard","meta":{"footnotes":""},"categories":[596,479,6459,605,17988,478],"tags":[],"class_list":["post-249582","post","type-post","status-publish","format-standard","has-post-thumbnail","","category-fotografli-raporlar","category-haberler-yerel","category-sana-fotolarl","category-sayin-cumhurbaskani","category-son-haberler","category-yerel"],"_links":{"self":[{"href":"https:\/\/archive.sana.sy\/tr\/index.php?rest_route=\/wp\/v2\/posts\/249582","targetHints":{"allow":["GET"]}}],"collection":[{"href":"https:\/\/archive.sana.sy\/tr\/index.php?rest_route=\/wp\/v2\/posts"}],"about":[{"href":"https:\/\/archive.sana.sy\/tr\/index.php?rest_route=\/wp\/v2\/types\/post"}],"author":[{"embeddable":true,"href":"https:\/\/archive.sana.sy\/tr\/index.php?rest_route=\/wp\/v2\/users\/36"}],"replies":[{"embeddable":true,"href":"https:\/\/archive.sana.sy\/tr\/index.php?rest_route=%2Fwp%2Fv2%2Fcomments&post=249582"}],"version-history":[{"count":0,"href":"https:\/\/archive.sana.sy\/tr\/index.php?rest_route=\/wp\/v2\/posts\/249582\/revisions"}],"wp:featuredmedia":[{"embeddable":true,"href":"https:\/\/archive.sana.sy\/tr\/index.php?rest_route=\/wp\/v2\/media\/249588"}],"wp:attachment":[{"href":"https:\/\/archive.sana.sy\/tr\/index.php?rest_route=%2Fwp%2Fv2%2Fmedia&parent=249582"}],"wp:term":[{"taxonomy":"category","embeddable":true,"href":"https:\/\/archive.sana.sy\/tr\/index.php?rest_route=%2Fwp%2Fv2%2Fcategories&post=249582"},{"taxonomy":"post_tag","embeddable":true,"href":"https:\/\/archive.sana.sy\/tr\/index.php?rest_route=%2Fwp%2Fv2%2Ftags&post=249582"}],"curies":[{"name":"wp","href":"https:\/\/api.w.org\/{rel}","templated":true}]}}