{"id":249607,"date":"2022-02-05T10:00:04","date_gmt":"2022-02-05T08:00:04","guid":{"rendered":"http:\/\/107.6.182.27\/tr\/?p=249607"},"modified":"2022-02-06T08:12:24","modified_gmt":"2022-02-06T06:12:24","slug":"israil-isgal-gucleri-bati-yakada-3-filistinliyi-tutukladi-5","status":"publish","type":"post","link":"https:\/\/archive.sana.sy\/tr\/?p=249607","title":{"rendered":"\u0130srail i\u015fgal G\u00fc\u00e7leri, Bat\u0131 Yaka\u2019da 3 Filistinliyi Tutuklad\u0131"},"content":{"rendered":"<p>\u0130\u015eGAL ALTINDAK\u0130 KUD\u00dcS \u2013 \u0130srail i\u015fgal g\u00fc\u00e7leri, Bat\u0131 Yaka\u2019da 3 Filistinliyi tutuklad\u0131.<\/p>\n<p>Filistin Medyas\u0131, \u0130srail i\u015fgal g\u00fc\u00e7lerinin, Cenin\u2019deki Anza ve Brokin beldelerine bask\u0131n d\u00fczenleyip 2 Filistinliyi tutuklad\u0131\u011f\u0131n\u0131 belirtirken, \u00fc\u00e7\u00fcnc\u00fcs\u00fcn\u00fcn ise Tubas kenti yak\u0131nlar\u0131nda bir kontrol noktas\u0131nda tutuklad\u0131\u011f\u0131na i\u015faret etti.<\/p>\n","protected":false},"excerpt":{"rendered":"<p>\u0130\u015eGAL ALTINDAK\u0130 KUD\u00dcS \u2013 \u0130srail i\u015fgal g\u00fc\u00e7leri, Bat\u0131 Yaka\u2019da 3 Filistinliyi tutuklad\u0131. Filistin Medyas\u0131, \u0130srail i\u015fgal g\u00fc\u00e7lerinin, Cenin\u2019deki Anza ve Brokin beldelerine bask\u0131n d\u00fczenleyip 2 Filistinliyi tutuklad\u0131\u011f\u0131n\u0131 belirtirken, \u00fc\u00e7\u00fcnc\u00fcs\u00fcn\u00fcn ise Tubas kenti yak\u0131nlar\u0131nda bir kontrol noktas\u0131nda tutuklad\u0131\u011f\u0131na i\u015faret etti.<\/p>\n","protected":false},"author":36,"featured_media":249608,"comment_status":"closed","ping_status":"closed","sticky":false,"template":"","format":"standard","meta":{"footnotes":""},"categories":[458,459,17988],"tags":[],"class_list":["post-249607","post","type-post","status-publish","format-standard","has-post-thumbnail","","category-dunya1","category-haberler-arap-uluslararasi-politika","category-son-haberler"],"_links":{"self":[{"href":"https:\/\/archive.sana.sy\/tr\/index.php?rest_route=\/wp\/v2\/posts\/249607","targetHints":{"allow":["GET"]}}],"collection":[{"href":"https:\/\/archive.sana.sy\/tr\/index.php?rest_route=\/wp\/v2\/posts"}],"about":[{"href":"https:\/\/archive.sana.sy\/tr\/index.php?rest_route=\/wp\/v2\/types\/post"}],"author":[{"embeddable":true,"href":"https:\/\/archive.sana.sy\/tr\/index.php?rest_route=\/wp\/v2\/users\/36"}],"replies":[{"embeddable":true,"href":"https:\/\/archive.sana.sy\/tr\/index.php?rest_route=%2Fwp%2Fv2%2Fcomments&post=249607"}],"version-history":[{"count":0,"href":"https:\/\/archive.sana.sy\/tr\/index.php?rest_route=\/wp\/v2\/posts\/249607\/revisions"}],"wp:featuredmedia":[{"embeddable":true,"href":"https:\/\/archive.sana.sy\/tr\/index.php?rest_route=\/wp\/v2\/media\/249608"}],"wp:attachment":[{"href":"https:\/\/archive.sana.sy\/tr\/index.php?rest_route=%2Fwp%2Fv2%2Fmedia&parent=249607"}],"wp:term":[{"taxonomy":"category","embeddable":true,"href":"https:\/\/archive.sana.sy\/tr\/index.php?rest_route=%2Fwp%2Fv2%2Fcategories&post=249607"},{"taxonomy":"post_tag","embeddable":true,"href":"https:\/\/archive.sana.sy\/tr\/index.php?rest_route=%2Fwp%2Fv2%2Ftags&post=249607"}],"curies":[{"name":"wp","href":"https:\/\/api.w.org\/{rel}","templated":true}]}}