{"id":249625,"date":"2022-02-05T19:26:03","date_gmt":"2022-02-05T17:26:03","guid":{"rendered":"http:\/\/107.6.182.27\/tr\/?p=249625"},"modified":"2022-02-06T08:19:48","modified_gmt":"2022-02-06T06:19:48","slug":"dsg-dilisleri-halkin-artan-acilari-arasinda-el-zuhur-ve-gveyran-mahallelerini-kusatmaya-devam-ediyor","status":"publish","type":"post","link":"https:\/\/archive.sana.sy\/tr\/?p=249625","title":{"rendered":"\u201cDSG\u201d Milisleri, Halk\u0131n Artan Ac\u0131lar\u0131 Aras\u0131nda el Zuhur ve \u011eveyran Mahallelerini Ku\u015fatmaya Devam Ediyor"},"content":{"rendered":"<p style=\"text-align: justify;\">HASEKE \u2013 \u201cI\u015eID\u201d kal\u0131nt\u0131lar\u0131 ile m\u00fccadele bahanesiyle yer alan \u00e7at\u0131\u015fmalar ve Amerikan i\u015fgalinin bombalamalar\u0131 s\u0131ras\u0131nda Haseke \u015fehir merkezine ve g\u00fcvenli mahallelere \u00e7\u0131kamayan halk\u0131n artan ac\u0131lar\u0131 aras\u0131nda ABD i\u015fgalinden destekli \u201cDSG\u201d milisleri, \u011eveyran ve el Zuhur mahallelerini ku\u015fatmaya devam etti.<\/p>\n<p style=\"text-align: justify;\">El Zuhur\u2019dan sivil kaynaklar SANA muhabirine, hizmet ve g\u0131da eksikli\u011fi nedeniyle ya\u015fanan b\u00fcy\u00fck s\u0131k\u0131nt\u0131da, Kasdl\u0131 ayr\u0131l\u0131k\u00e7\u0131 milislerin mahalleyi kapatarak \u00e7evresindeki toprak tepecikleri y\u00fckseltti\u011fini, ara\u00e7 ve \u015fah\u0131slar\u0131n giri\u015fine kal\u0131c\u0131 olarak engel oldu\u011funu belirtti. Kaynaklar, bu prosed\u00fcr\u00fcn, Amerikan i\u015fgal \u00fcss\u00fcn\u00fcn yan\u0131nda yer almas\u0131 nedeniyle mahalleden g\u00f6\u00e7 etmelerinin ba\u015flang\u0131c\u0131 olabilecek bir ad\u0131m\u0131n halkta korkular\u0131n\u0131 art\u0131rd\u0131\u011f\u0131na dikkat \u00e7ekti.<\/p>\n<p style=\"text-align: justify;\">Kaynaklar ayr\u0131ca, milislerin ge\u00e7ti\u011fimiz g\u00fcnlerde mahallenin tan\u0131k oldu\u011fu olaylar\u0131 bahane ederek halka zor bir ger\u00e7e\u011fi empoze etmeye \u00e7al\u0131\u015ft\u0131\u011f\u0131n\u0131, \u00f6zellikle de milislerin daha \u00f6nce\u011evryran mahallesindeki Amerikan i\u015fgal kuvvetlerinin karargah\u0131na biti\u015fik alanladaki yerle\u015fim binalar\u0131n\u0131 bo\u015faltt\u0131\u011f\u0131 i\u00e7in insanlar\u0131 kal\u0131c\u0131 olarak evlerini terk etmeye zorlad\u0131\u011f\u0131n\u0131 da s\u00f6zlerine ekledi.<\/p>\n<p style=\"text-align: justify;\">Ayn\u0131 kapsamda Ghweran Mahallesi&#8217;ndeki yerel kaynaklar, ayr\u0131l\u0131k\u00e7\u0131 milislerin halka y\u00f6nelik uygulamalar\u0131n\u0131n Amerikan i\u015fgalcinin planlar\u0131n\u0131 uygulama \u00e7er\u00e7evesinde geldi\u011fini s\u00f6ylerken, sanayi \u0130kincil Hapishanesi&#8217;nde ya\u015fananlar\u0131n, b\u00f6lgedeki Amerikan i\u015fgalinin karargah ve \u00fcslerine bakan binalar\u0131 ve \u00e7evredeki evleri y\u0131kmak i\u00e7in bir bahane oldu\u011funa dikkat \u00e7ekti.<\/p>\n<p style=\"text-align: justify;\">P.M.<\/p>\n","protected":false},"excerpt":{"rendered":"<p>HASEKE \u2013 \u201cI\u015eID\u201d kal\u0131nt\u0131lar\u0131 ile m\u00fccadele bahanesiyle yer alan \u00e7at\u0131\u015fmalar ve Amerikan i\u015fgalinin bombalamalar\u0131 s\u0131ras\u0131nda Haseke \u015fehir merkezine ve g\u00fcvenli mahallelere \u00e7\u0131kamayan halk\u0131n artan ac\u0131lar\u0131 aras\u0131nda ABD i\u015fgalinden destekli \u201cDSG\u201d milisleri, \u011eveyran ve el Zuhur mahallelerini ku\u015fatmaya devam etti. El Zuhur\u2019dan sivil kaynaklar SANA muhabirine, hizmet ve g\u0131da eksikli\u011fi nedeniyle ya\u015fanan b\u00fcy\u00fck s\u0131k\u0131nt\u0131da, Kasdl\u0131 ayr\u0131l\u0131k\u00e7\u0131 &hellip;<\/p>\n","protected":false},"author":1,"featured_media":249626,"comment_status":"closed","ping_status":"closed","sticky":false,"template":"","format":"standard","meta":{"footnotes":""},"categories":[479,575,17988,478],"tags":[],"class_list":["post-249625","post","type-post","status-publish","format-standard","has-post-thumbnail","","category-haberler-yerel","category-olaylar-ve-gercekler","category-son-haberler","category-yerel"],"_links":{"self":[{"href":"https:\/\/archive.sana.sy\/tr\/index.php?rest_route=\/wp\/v2\/posts\/249625","targetHints":{"allow":["GET"]}}],"collection":[{"href":"https:\/\/archive.sana.sy\/tr\/index.php?rest_route=\/wp\/v2\/posts"}],"about":[{"href":"https:\/\/archive.sana.sy\/tr\/index.php?rest_route=\/wp\/v2\/types\/post"}],"author":[{"embeddable":true,"href":"https:\/\/archive.sana.sy\/tr\/index.php?rest_route=\/wp\/v2\/users\/1"}],"replies":[{"embeddable":true,"href":"https:\/\/archive.sana.sy\/tr\/index.php?rest_route=%2Fwp%2Fv2%2Fcomments&post=249625"}],"version-history":[{"count":0,"href":"https:\/\/archive.sana.sy\/tr\/index.php?rest_route=\/wp\/v2\/posts\/249625\/revisions"}],"wp:featuredmedia":[{"embeddable":true,"href":"https:\/\/archive.sana.sy\/tr\/index.php?rest_route=\/wp\/v2\/media\/249626"}],"wp:attachment":[{"href":"https:\/\/archive.sana.sy\/tr\/index.php?rest_route=%2Fwp%2Fv2%2Fmedia&parent=249625"}],"wp:term":[{"taxonomy":"category","embeddable":true,"href":"https:\/\/archive.sana.sy\/tr\/index.php?rest_route=%2Fwp%2Fv2%2Fcategories&post=249625"},{"taxonomy":"post_tag","embeddable":true,"href":"https:\/\/archive.sana.sy\/tr\/index.php?rest_route=%2Fwp%2Fv2%2Ftags&post=249625"}],"curies":[{"name":"wp","href":"https:\/\/api.w.org\/{rel}","templated":true}]}}