{"id":249634,"date":"2022-02-06T09:06:44","date_gmt":"2022-02-06T07:06:44","guid":{"rendered":"http:\/\/107.6.182.27\/tr\/?p=249634"},"modified":"2022-02-09T08:33:10","modified_gmt":"2022-02-09T06:33:10","slug":"israil-isgal-gucleri-bati-yakada-6-filistinliyi-tutukladi-5","status":"publish","type":"post","link":"https:\/\/archive.sana.sy\/tr\/?p=249634","title":{"rendered":"\u0130srail \u0130\u015fgal G\u00fc\u00e7leri, Bat\u0131 Yaka\u2019da 6 Filistinliyi Tutuklad\u0131"},"content":{"rendered":"<p>\u0130\u015eGAL ALTINDAK\u0130 KUD\u00dcS \u2013 \u0130srail i\u015fgal g\u00fc\u00e7leri, Bat\u0131 Yaka\u2019da 6 Filistinliyi tutuklad\u0131.<\/p>\n<p>WAFA Haber Ajans\u0131, \u0130srail i\u015fgal g\u00fc\u00e7lerinin, i\u015fgal alt\u0131ndaki Kud\u00fcs\u2019deki El \u015eeyh Cerah mahallesine ve Beyt Lahm\u2019daki Facar beldesine bask\u0131n d\u00fczenledi\u011fini belirtirken, 6 Filistinliyi tutuklad\u0131\u011f\u0131na i\u015faret etti.<\/p>\n","protected":false},"excerpt":{"rendered":"<p>\u0130\u015eGAL ALTINDAK\u0130 KUD\u00dcS \u2013 \u0130srail i\u015fgal g\u00fc\u00e7leri, Bat\u0131 Yaka\u2019da 6 Filistinliyi tutuklad\u0131. WAFA Haber Ajans\u0131, \u0130srail i\u015fgal g\u00fc\u00e7lerinin, i\u015fgal alt\u0131ndaki Kud\u00fcs\u2019deki El \u015eeyh Cerah mahallesine ve Beyt Lahm\u2019daki Facar beldesine bask\u0131n d\u00fczenledi\u011fini belirtirken, 6 Filistinliyi tutuklad\u0131\u011f\u0131na i\u015faret etti.<\/p>\n","protected":false},"author":36,"featured_media":249635,"comment_status":"closed","ping_status":"closed","sticky":false,"template":"","format":"standard","meta":{"footnotes":""},"categories":[458,459,17988],"tags":[],"class_list":["post-249634","post","type-post","status-publish","format-standard","has-post-thumbnail","","category-dunya1","category-haberler-arap-uluslararasi-politika","category-son-haberler"],"_links":{"self":[{"href":"https:\/\/archive.sana.sy\/tr\/index.php?rest_route=\/wp\/v2\/posts\/249634","targetHints":{"allow":["GET"]}}],"collection":[{"href":"https:\/\/archive.sana.sy\/tr\/index.php?rest_route=\/wp\/v2\/posts"}],"about":[{"href":"https:\/\/archive.sana.sy\/tr\/index.php?rest_route=\/wp\/v2\/types\/post"}],"author":[{"embeddable":true,"href":"https:\/\/archive.sana.sy\/tr\/index.php?rest_route=\/wp\/v2\/users\/36"}],"replies":[{"embeddable":true,"href":"https:\/\/archive.sana.sy\/tr\/index.php?rest_route=%2Fwp%2Fv2%2Fcomments&post=249634"}],"version-history":[{"count":0,"href":"https:\/\/archive.sana.sy\/tr\/index.php?rest_route=\/wp\/v2\/posts\/249634\/revisions"}],"wp:featuredmedia":[{"embeddable":true,"href":"https:\/\/archive.sana.sy\/tr\/index.php?rest_route=\/wp\/v2\/media\/249635"}],"wp:attachment":[{"href":"https:\/\/archive.sana.sy\/tr\/index.php?rest_route=%2Fwp%2Fv2%2Fmedia&parent=249634"}],"wp:term":[{"taxonomy":"category","embeddable":true,"href":"https:\/\/archive.sana.sy\/tr\/index.php?rest_route=%2Fwp%2Fv2%2Fcategories&post=249634"},{"taxonomy":"post_tag","embeddable":true,"href":"https:\/\/archive.sana.sy\/tr\/index.php?rest_route=%2Fwp%2Fv2%2Ftags&post=249634"}],"curies":[{"name":"wp","href":"https:\/\/api.w.org\/{rel}","templated":true}]}}