{"id":249639,"date":"2022-02-06T11:12:21","date_gmt":"2022-02-06T09:12:21","guid":{"rendered":"http:\/\/107.6.182.27\/tr\/?p=249639"},"modified":"2022-02-09T08:33:13","modified_gmt":"2022-02-09T06:33:13","slug":"el-sabha-cozum-merkezinde-3-117-kisinin-durumu-duzeltildi","status":"publish","type":"post","link":"https:\/\/archive.sana.sy\/tr\/?p=249639","title":{"rendered":"EL Sabha \u00c7\u00f6z\u00fcm Merkezinde 3.117 ki\u015finin Durumu D\u00fczeltildi"},"content":{"rendered":"<p>RAKKA \u2013 Devlet taraf\u0131ndan ba\u015flat\u0131lan ulusal anla\u015fma s\u00fcreci \u00e7er\u00e7evesinde, El Sabha beldesinin uzla\u015fma merkezindeki uzla\u015fma s\u00fcreci yirmi d\u00f6rd\u00fcnc\u00fc g\u00fcn\u00fcnde devam ediyor.<\/p>\n<p>Uzla\u015fma s\u00fcrecinin ba\u015flamas\u0131ndan bu yana \u00e7\u00f6z\u00fcm s\u00fcrecine kat\u0131lanlar\u0131n say\u0131s\u0131 d\u00fcne kadar 3117\u2019ye ula\u015ft\u0131.<\/p>\n<div id='gallery-1' class='gallery galleryid-249639 gallery-columns-2 gallery-size-full'><figure class='gallery-item'>\n\t\t\t<div class='gallery-icon landscape'>\n\t\t\t\t<a href='https:\/\/archive.sana.sy\/tr\/wp-content\/uploads\/2022\/02\/raka12.jpg'><img loading=\"lazy\" decoding=\"async\" width=\"660\" height=\"370\" src=\"https:\/\/archive.sana.sy\/tr\/wp-content\/uploads\/2022\/02\/raka12.jpg\" class=\"attachment-full size-full\" alt=\"\" srcset=\"https:\/\/archive.sana.sy\/tr\/wp-content\/uploads\/2022\/02\/raka12.jpg 660w, https:\/\/archive.sana.sy\/tr\/wp-content\/uploads\/2022\/02\/raka12-300x168.jpg 300w, https:\/\/archive.sana.sy\/tr\/wp-content\/uploads\/2022\/02\/raka12-150x84.jpg 150w\" sizes=\"auto, (max-width: 660px) 100vw, 660px\" \/><\/a>\n\t\t\t<\/div><\/figure><figure class='gallery-item'>\n\t\t\t<div class='gallery-icon landscape'>\n\t\t\t\t<a href='https:\/\/archive.sana.sy\/tr\/wp-content\/uploads\/2022\/02\/raka13.jpg'><img loading=\"lazy\" decoding=\"async\" width=\"660\" height=\"370\" src=\"https:\/\/archive.sana.sy\/tr\/wp-content\/uploads\/2022\/02\/raka13.jpg\" class=\"attachment-full size-full\" alt=\"\" srcset=\"https:\/\/archive.sana.sy\/tr\/wp-content\/uploads\/2022\/02\/raka13.jpg 660w, https:\/\/archive.sana.sy\/tr\/wp-content\/uploads\/2022\/02\/raka13-300x168.jpg 300w, https:\/\/archive.sana.sy\/tr\/wp-content\/uploads\/2022\/02\/raka13-150x84.jpg 150w\" sizes=\"auto, (max-width: 660px) 100vw, 660px\" \/><\/a>\n\t\t\t<\/div><\/figure>\n\t\t<\/div>\n\n","protected":false},"excerpt":{"rendered":"<p>RAKKA \u2013 Devlet taraf\u0131ndan ba\u015flat\u0131lan ulusal anla\u015fma s\u00fcreci \u00e7er\u00e7evesinde, El Sabha beldesinin uzla\u015fma merkezindeki uzla\u015fma s\u00fcreci yirmi d\u00f6rd\u00fcnc\u00fc g\u00fcn\u00fcnde devam ediyor. Uzla\u015fma s\u00fcrecinin ba\u015flamas\u0131ndan bu yana \u00e7\u00f6z\u00fcm s\u00fcrecine kat\u0131lanlar\u0131n say\u0131s\u0131 d\u00fcne kadar 3117\u2019ye ula\u015ft\u0131.<\/p>\n","protected":false},"author":36,"featured_media":249642,"comment_status":"closed","ping_status":"closed","sticky":false,"template":"","format":"standard","meta":{"footnotes":""},"categories":[596,479,17988,478],"tags":[],"class_list":["post-249639","post","type-post","status-publish","format-standard","has-post-thumbnail","","category-fotografli-raporlar","category-haberler-yerel","category-son-haberler","category-yerel"],"_links":{"self":[{"href":"https:\/\/archive.sana.sy\/tr\/index.php?rest_route=\/wp\/v2\/posts\/249639","targetHints":{"allow":["GET"]}}],"collection":[{"href":"https:\/\/archive.sana.sy\/tr\/index.php?rest_route=\/wp\/v2\/posts"}],"about":[{"href":"https:\/\/archive.sana.sy\/tr\/index.php?rest_route=\/wp\/v2\/types\/post"}],"author":[{"embeddable":true,"href":"https:\/\/archive.sana.sy\/tr\/index.php?rest_route=\/wp\/v2\/users\/36"}],"replies":[{"embeddable":true,"href":"https:\/\/archive.sana.sy\/tr\/index.php?rest_route=%2Fwp%2Fv2%2Fcomments&post=249639"}],"version-history":[{"count":0,"href":"https:\/\/archive.sana.sy\/tr\/index.php?rest_route=\/wp\/v2\/posts\/249639\/revisions"}],"wp:featuredmedia":[{"embeddable":true,"href":"https:\/\/archive.sana.sy\/tr\/index.php?rest_route=\/wp\/v2\/media\/249642"}],"wp:attachment":[{"href":"https:\/\/archive.sana.sy\/tr\/index.php?rest_route=%2Fwp%2Fv2%2Fmedia&parent=249639"}],"wp:term":[{"taxonomy":"category","embeddable":true,"href":"https:\/\/archive.sana.sy\/tr\/index.php?rest_route=%2Fwp%2Fv2%2Fcategories&post=249639"},{"taxonomy":"post_tag","embeddable":true,"href":"https:\/\/archive.sana.sy\/tr\/index.php?rest_route=%2Fwp%2Fv2%2Ftags&post=249639"}],"curies":[{"name":"wp","href":"https:\/\/api.w.org\/{rel}","templated":true}]}}