{"id":249711,"date":"2022-02-08T11:15:57","date_gmt":"2022-02-08T09:15:57","guid":{"rendered":"http:\/\/107.6.182.27\/tr\/?p=249711"},"modified":"2022-02-09T08:33:31","modified_gmt":"2022-02-09T06:33:31","slug":"basbakan-arnus-kucuk-ve-mikro-isletmeleri-artirmak-ve-onlara-destek-saglamak-icin-calisiyoruz","status":"publish","type":"post","link":"https:\/\/archive.sana.sy\/tr\/?p=249711","title":{"rendered":"Ba\u015fbakan Arnus: K\u00fc\u00e7\u00fck Ve Mikro \u0130\u015fletmeleri Art\u0131rmak Ve Onlara Destek Sa\u011flamak \u0130\u00e7in \u00c7al\u0131\u015f\u0131yoruz"},"content":{"rendered":"<p style=\"text-align: justify;\">\u015eAM &#8211; Ba\u015fbakan Huseyin Arnus, mikrofinans kurumlar\u0131 hakk\u0131ndaki 8 say\u0131l\u0131 Kanun&#8217;un gerekli t\u00fcm esnekli\u011fe sahip oldu\u011funu ve \u00e7\u0131kar\u0131ld\u0131\u011f\u0131 toplumsal hedefe ula\u015fmak i\u00e7in m\u00fcmk\u00fcn olan en b\u00fcy\u00fck \u00f6zen ve pozitiflikle \u00e7al\u0131\u015f\u0131ld\u0131\u011f\u0131n\u0131 belirterek, h\u00fck\u00fcmetin s\u00fcreci harekete ge\u00e7irmek, mikrofinans kurulu\u015flar\u0131na katk\u0131da bulunmak, k\u00fc\u00e7\u00fck ve mikro projeleri art\u0131rmak ve gerekli deste\u011fi sa\u011flamak i\u00e7in \u00e7al\u0131\u015ft\u0131\u011f\u0131n\u0131 kaydetti.<\/p>\n<p style=\"text-align: justify;\">M\u00fch. Arnus, Suriye Ekonomik Diyalog Forumu&#8217;nun &#8220;Suriye Ekonomisini Desteklemeye Y\u00f6nelik Finansman Stratejisi ve K\u00fc\u00e7\u00fck ve Orta \u00d6l\u00e7ekli \u0130\u015fletme Projelerinin Finansman\u0131&#8221; ba\u015fl\u0131kl\u0131 ikinci oturumunda yapt\u0131\u011f\u0131 m\u00fcdahalede, yat\u0131r\u0131m yasas\u0131n\u0131n h\u00fck\u00fcmet taraf\u0131ndan b\u00fcy\u00fck ilgi ve takip edildi\u011fini belirterek, her ay\u0131n son Per\u015fembe g\u00fcn\u00fc, buna dayanarak onay i\u00e7in ba\u015fvuran t\u00fcm projeleri g\u00f6r\u00fc\u015fmek \u00fczere belirlendi\u011fini, bunu uygulama ve sorunlar\u0131n\u0131 ele almak ve gerekli t\u00fcm kolayl\u0131klar\u0131 sa\u011flamak oldu\u011funu a\u00e7\u0131klayarak, Suriye&#8217;de yat\u0131r\u0131m\u0131 bu alanda geli\u015fmi\u015f \u00fclkeler seviyesine getirilece\u011fini vurgulad\u0131.<\/p>\n<p style=\"text-align: justify;\">M\u00fchendis Arnus, sanayi b\u00f6lgelerine ve \u015fehirlere yat\u0131r\u0131m yapmak isteyen herkesin kolayca onay ald\u0131\u011f\u0131n\u0131 ancak zorlu\u011fun sanayi b\u00f6lgeleri ve \u015fehirler d\u0131\u015f\u0131ndaki yat\u0131r\u0131m uygulamalar\u0131n\u0131 incelemekte oldu\u011funu, \u00e7e\u015fitli faaliyetler i\u00e7in ortak ve uyumlu bir ortam sa\u011flayacak \u015fekilde bu b\u00f6lge ve \u015fehirlere yat\u0131r\u0131m \u00e7ekmeyi ama\u00e7lad\u0131klar\u0131n\u0131 belirterek; kurdu\u011fumuz ve \u015fu ana kadar optimal olarak yat\u0131r\u0131m yap\u0131lmayan bir grup zanaat alan\u0131m\u0131z var ve bu alanlardaki \u00e7al\u0131\u015fmalar\u0131 harekete ge\u00e7irmek ve zanaatkarlar\u0131 i\u015flerini yapmalar\u0131 i\u00e7in onlara iade etmek gerekiyor \u00f6yleki, yerle\u015fim alanlar\u0131n\u0131n sanayi ve \u00fcretim alanlar\u0131na d\u00f6n\u00fc\u015ft\u00fcr\u00fclemeyece\u011fini ifade etti.<\/p>\n<p style=\"text-align: justify;\">Ba\u015fbakan, idari birimlerin, her b\u00f6lgenin yat\u0131r\u0131m ihtiya\u00e7lar\u0131n\u0131n belirlenmesinde, k\u00fc\u00e7\u00fck ve mikro i\u015fletmeleri kendilerine y\u00f6nlendirmek i\u00e7in, o b\u00f6lgenin ve \u00e7e\u015fitli mal, malzeme ve hizmetlerin yerel pazar\u0131n\u0131n ihtiya\u00e7lar\u0131n\u0131n g\u00fcvence alt\u0131na al\u0131nmas\u0131na katk\u0131da bulunacak \u015fekilde \u00f6nemli rol\u00fcn\u00fc belirtti.<\/p>\n<p style=\"text-align: justify;\">M\u00fchendis Arnus, ge\u00e7ti\u011fimiz g\u00fcnlerde \u00e7\u0131kar\u0131lan mesleki e\u011fitim kararnamesinin, \u00fclkenin ihtiyac\u0131 olan k\u00fc\u00e7\u00fck ve mikro profesyonel projeler i\u00e7in bir ba\u015flang\u0131\u00e7 \u200b\u200bnoktas\u0131 oldu\u011funa dikkat \u00e7ekerek, bu projelerin gerekli olan her\u015feyi sunmalar\u0131 i\u00e7in bankalar\u0131n \u00f6nemi dahilinde olmas\u0131 gereki\u011fini dile getirdi.<\/p>\n<p style=\"text-align: justify;\">M\u00fchendis Arnus, forumda yap\u0131lacak m\u00fcdahalelerin ve \u00f6nerilerin incelenece\u011fini ve h\u00fck\u00fcmetten b\u00fcy\u00fck ilgi g\u00f6rece\u011fini belirterek; \u00fclke menfaatine her t\u00fcrl\u00fc dosyay\u0131 masaya yat\u0131rmaya haz\u0131r oldu\u011fumuzu ve milli yat\u0131r\u0131m yap\u0131lmas\u0131 gerekti\u011fini s\u00f6yledi.<\/p>\n<p style=\"text-align: justify;\">Arnus ayr\u0131ca, k\u00fc\u00e7\u00fck ve orta \u00f6l\u00e7ekli i\u015fletme projelerini desteklemede sermayenin yan\u0131 s\u0131ra mikrofinans bankalar\u0131nda bir art\u0131\u015f\u0131n te\u015fvik edilmesi, bankalar\u0131n, mikro i\u015fletmelerde kalk\u0131nma s\u00fcrecine hizmet edecek belirli bir portf\u00f6y t\u00fcr\u00fcne sahip olmas\u0131 gerekti\u011fini dile getirdi.<\/p>\n","protected":false},"excerpt":{"rendered":"<p>\u015eAM &#8211; Ba\u015fbakan Huseyin Arnus, mikrofinans kurumlar\u0131 hakk\u0131ndaki 8 say\u0131l\u0131 Kanun&#8217;un gerekli t\u00fcm esnekli\u011fe sahip oldu\u011funu ve \u00e7\u0131kar\u0131ld\u0131\u011f\u0131 toplumsal hedefe ula\u015fmak i\u00e7in m\u00fcmk\u00fcn olan en b\u00fcy\u00fck \u00f6zen ve pozitiflikle \u00e7al\u0131\u015f\u0131ld\u0131\u011f\u0131n\u0131 belirterek, h\u00fck\u00fcmetin s\u00fcreci harekete ge\u00e7irmek, mikrofinans kurulu\u015flar\u0131na katk\u0131da bulunmak, k\u00fc\u00e7\u00fck ve mikro projeleri art\u0131rmak ve gerekli deste\u011fi sa\u011flamak i\u00e7in \u00e7al\u0131\u015ft\u0131\u011f\u0131n\u0131 kaydetti. M\u00fch. Arnus, Suriye Ekonomik &hellip;<\/p>\n","protected":false},"author":1,"featured_media":249712,"comment_status":"closed","ping_status":"closed","sticky":false,"template":"","format":"standard","meta":{"footnotes":""},"categories":[479,17988,478],"tags":[],"class_list":["post-249711","post","type-post","status-publish","format-standard","has-post-thumbnail","","category-haberler-yerel","category-son-haberler","category-yerel"],"_links":{"self":[{"href":"https:\/\/archive.sana.sy\/tr\/index.php?rest_route=\/wp\/v2\/posts\/249711","targetHints":{"allow":["GET"]}}],"collection":[{"href":"https:\/\/archive.sana.sy\/tr\/index.php?rest_route=\/wp\/v2\/posts"}],"about":[{"href":"https:\/\/archive.sana.sy\/tr\/index.php?rest_route=\/wp\/v2\/types\/post"}],"author":[{"embeddable":true,"href":"https:\/\/archive.sana.sy\/tr\/index.php?rest_route=\/wp\/v2\/users\/1"}],"replies":[{"embeddable":true,"href":"https:\/\/archive.sana.sy\/tr\/index.php?rest_route=%2Fwp%2Fv2%2Fcomments&post=249711"}],"version-history":[{"count":0,"href":"https:\/\/archive.sana.sy\/tr\/index.php?rest_route=\/wp\/v2\/posts\/249711\/revisions"}],"wp:featuredmedia":[{"embeddable":true,"href":"https:\/\/archive.sana.sy\/tr\/index.php?rest_route=\/wp\/v2\/media\/249712"}],"wp:attachment":[{"href":"https:\/\/archive.sana.sy\/tr\/index.php?rest_route=%2Fwp%2Fv2%2Fmedia&parent=249711"}],"wp:term":[{"taxonomy":"category","embeddable":true,"href":"https:\/\/archive.sana.sy\/tr\/index.php?rest_route=%2Fwp%2Fv2%2Fcategories&post=249711"},{"taxonomy":"post_tag","embeddable":true,"href":"https:\/\/archive.sana.sy\/tr\/index.php?rest_route=%2Fwp%2Fv2%2Ftags&post=249711"}],"curies":[{"name":"wp","href":"https:\/\/api.w.org\/{rel}","templated":true}]}}