{"id":24972,"date":"2015-02-26T15:08:36","date_gmt":"2015-02-26T13:08:36","guid":{"rendered":"http:\/\/www.sana.sy\/tr\/?p=24972"},"modified":"2015-02-26T15:09:01","modified_gmt":"2015-02-26T13:09:01","slug":"teroristler-tarihi-eserleri-satip-vahsetlerini-finanse-ediyor","status":"publish","type":"post","link":"https:\/\/archive.sana.sy\/tr\/?p=24972","title":{"rendered":"Ter\u00f6ristler Tarihi Eserleri Sat\u0131p Vah\u015fetlerini Finanse Ediyor"},"content":{"rendered":"<p>LONDRA \u2013 \u0130ngiliz arkeologlar I\u015e\u0130D \u00e7etelerinin Suriye&#8217;den \u00e7ald\u0131\u011f\u0131 tarihi eserleri Avrupa&#8217;da sat\u0131p ter\u00f6r ve vah\u015fet eylemlerini finanse etti\u011fini belirtti.<\/p>\n<p>\u0130ngiliz Kay\u0131p Sanatsal Eserleri Kaydetme Kurumu M\u00fcd\u00fcr\u00fc Christopher Marenilo Times Gazetesinin yay\u0131nlad\u0131\u011f\u0131 a\u00e7\u0131klamalar\u0131nda; I\u015e\u0130D \u00e7etelerinin Suriye&#8217;den ka\u00e7\u0131r\u0131p T\u00fcrkiye \u00fczerinden Avrupa&#8217;ya 100\u2019\u00fcn \u00fcst\u00fcnde \u00f6nemli tarihi eser par\u00e7as\u0131n\u0131 \u0130ngiltere&#8217;de satt\u0131klar\u0131n\u0131 s\u00f6yledi. Marenilo s\u00f6z konusu tarihi eserlerin her birinin on binlerce dolar de\u011ferinde oldu\u011funu ifade etti.<\/p>\n<p>Bu arada ayn\u0131 gazete birka\u00e7 g\u00fcn \u00f6nce yay\u0131nlad\u0131\u011f\u0131 haberde; Suriye&#8217;deki ter\u00f6r \u00e7etelerinin tarihi eserleri \u00e7al\u0131p satmakla kalmad\u0131klar\u0131n\u0131 ayn\u0131 zamanda \u00e7ok say\u0131da tarihi eseri k\u0131r\u0131p yakt\u0131klar\u0131na da dikkat \u00e7ekmi\u015fti.<\/p>\n<p>A.A. &#8211; M.M.<\/p>\n","protected":false},"excerpt":{"rendered":"<p>LONDRA \u2013 \u0130ngiliz arkeologlar I\u015e\u0130D \u00e7etelerinin Suriye&#8217;den \u00e7ald\u0131\u011f\u0131 tarihi eserleri Avrupa&#8217;da sat\u0131p ter\u00f6r ve vah\u015fet eylemlerini finanse etti\u011fini belirtti. \u0130ngiliz Kay\u0131p Sanatsal Eserleri Kaydetme Kurumu M\u00fcd\u00fcr\u00fc Christopher Marenilo Times Gazetesinin yay\u0131nlad\u0131\u011f\u0131 a\u00e7\u0131klamalar\u0131nda; I\u015e\u0130D \u00e7etelerinin Suriye&#8217;den ka\u00e7\u0131r\u0131p T\u00fcrkiye \u00fczerinden Avrupa&#8217;ya 100\u2019\u00fcn \u00fcst\u00fcnde \u00f6nemli tarihi eser par\u00e7as\u0131n\u0131 \u0130ngiltere&#8217;de satt\u0131klar\u0131n\u0131 s\u00f6yledi. Marenilo s\u00f6z konusu tarihi eserlerin her birinin &hellip;<\/p>\n","protected":false},"author":1,"featured_media":24973,"comment_status":"closed","ping_status":"closed","sticky":false,"template":"","format":"standard","meta":{"footnotes":""},"categories":[458,459,447,2554,2555],"tags":[11893,11892],"class_list":["post-24972","post","type-post","status-publish","format-standard","has-post-thumbnail","","category-dunya1","category-haberler-arap-uluslararasi-politika","category-politika","category-suriye-ve-dunya","category-suriye-ve-turkiye","tag-londra-ingiliz-arkeologlar-isid-cetelerinin-suriyeden-caldigi-tarihi-eserleri-avrupada-satip-teror-ve-vahset-eylemlerini-finanse-ettigini-belirtti","tag-teroristler-tarihi-eserleri-satip-vahsetlerini-finanse-ediyor"],"_links":{"self":[{"href":"https:\/\/archive.sana.sy\/tr\/index.php?rest_route=\/wp\/v2\/posts\/24972","targetHints":{"allow":["GET"]}}],"collection":[{"href":"https:\/\/archive.sana.sy\/tr\/index.php?rest_route=\/wp\/v2\/posts"}],"about":[{"href":"https:\/\/archive.sana.sy\/tr\/index.php?rest_route=\/wp\/v2\/types\/post"}],"author":[{"embeddable":true,"href":"https:\/\/archive.sana.sy\/tr\/index.php?rest_route=\/wp\/v2\/users\/1"}],"replies":[{"embeddable":true,"href":"https:\/\/archive.sana.sy\/tr\/index.php?rest_route=%2Fwp%2Fv2%2Fcomments&post=24972"}],"version-history":[{"count":0,"href":"https:\/\/archive.sana.sy\/tr\/index.php?rest_route=\/wp\/v2\/posts\/24972\/revisions"}],"wp:featuredmedia":[{"embeddable":true,"href":"https:\/\/archive.sana.sy\/tr\/index.php?rest_route=\/wp\/v2\/media\/24973"}],"wp:attachment":[{"href":"https:\/\/archive.sana.sy\/tr\/index.php?rest_route=%2Fwp%2Fv2%2Fmedia&parent=24972"}],"wp:term":[{"taxonomy":"category","embeddable":true,"href":"https:\/\/archive.sana.sy\/tr\/index.php?rest_route=%2Fwp%2Fv2%2Fcategories&post=24972"},{"taxonomy":"post_tag","embeddable":true,"href":"https:\/\/archive.sana.sy\/tr\/index.php?rest_route=%2Fwp%2Fv2%2Ftags&post=24972"}],"curies":[{"name":"wp","href":"https:\/\/api.w.org\/{rel}","templated":true}]}}