{"id":249720,"date":"2022-02-08T13:01:05","date_gmt":"2022-02-08T11:01:05","guid":{"rendered":"http:\/\/107.6.182.27\/tr\/?p=249720"},"modified":"2022-02-09T08:29:42","modified_gmt":"2022-02-09T06:29:42","slug":"suriye-rapsodisi-exspo-dubai-2020-sahnesinde-100-muzusyen-ve-sarkicinin-epik-muzik-calismasi","status":"publish","type":"post","link":"https:\/\/archive.sana.sy\/tr\/?p=249720","title":{"rendered":"Suriye Rapsodisi.. EXSPO Dubai 2020 Sahnesinde 100 M\u00fcz\u00fcsyen Ve \u015eark\u0131c\u0131n\u0131n Epik M\u00fczik \u00c7al\u0131\u015fmas\u0131"},"content":{"rendered":"<p style=\"text-align: justify;\">DUBA\u0130 &#8211; Suriye kanad\u0131 taraf\u0131ndan Suriye Kalk\u0131nma Vakf\u0131 ile i\u015fbirli\u011fi i\u00e7inde d\u00fczenlenen ve \u015eam Kanatlar\u0131 Hava Yollar\u0131 \u015eirketi sponsorlu\u011funda d\u00fczenlenen k\u00fclt\u00fcrel program kapsam\u0131nda, d\u00fcnya halklar\u0131 i\u00e7in sevgi ve bar\u0131\u015f dolu 100 Suriyeli m\u00fczisyen ve \u015fark\u0131c\u0131, m\u00fczisyen \u0130yad Al Rimavi&#8217;nin ve Maestro Misak Ba\u011fbodrian y\u00f6netimindeki destans\u0131 &#8220;Suriye Rapsodisi&#8221; par\u00e7as\u0131n\u0131 &#8220;Expo 2020 Dubai&#8221; sahnesinde sundu.<\/p>\n<p style=\"text-align: justify;\">K\u00fclt\u00fcr Bakan\u0131 Dr. Lubana Mu\u015favvah, t\u00f6renin ba\u015f\u0131nda yapt\u0131\u011f\u0131 konu\u015fmada, k\u00fclt\u00fcr camias\u0131nda \u00e7al\u0131\u015fanlar\u0131n bu k\u00fcresel foruma ve Expo 2020 Dubai taraf\u0131ndan temsil edilen uluslararas\u0131 yarat\u0131c\u0131l\u0131k forumuna kat\u0131lmaktan duydu\u011fu mutlulu\u011fu dile getirdi.<\/p>\n<p style=\"text-align: justify;\">Mu\u015favvah; \u201cGer\u00e7ekli\u011fin ve g\u00fczelli\u011fin \u00fclkesinden geliyor, \u015eam&#8217;\u0131n g\u00fczel kokular\u0131n\u0131 ta\u015f\u0131yor, daha iyi bir gelecek in\u015fa etmek amac\u0131yla yaseminin kokular\u0131n\u0131 palmiye a\u011fa\u00e7lar\u0131n\u0131n \u00fczerine yaymak ve melodilerinin kokusuyla sallanmalar\u0131 i\u00e7in buraya geldik. \u00c7\u00fcnk\u00fc bizler hay\u0131r kayna\u011f\u0131, \u0131\u015f\u0131k kayna\u011f\u0131, evrenin \u015fafa\u011f\u0131 ve g\u00f6rkemi olan bir topra\u011f\u0131n o\u011fullar\u0131y\u0131z&#8221; dedi.<\/p>\n<p style=\"text-align: justify;\">Mu\u015favvah: &#8220;10 bin y\u0131ll\u0131k eskimeyen bir k\u00fclt\u00fcr olarak vermenin \u00fcr\u00fcn\u00fc olan birle\u015ftirici k\u00fclt\u00fcrel kimli\u011fimizin yeniden canlanmas\u0131nda \u00e7i\u00e7ek a\u00e7an \u00e7e\u015fitlili\u011fi ve zenginli\u011fi ile e\u015fsiz bir miras\u0131 omuzlar\u0131m\u0131zda ve kalbimizde ta\u015f\u0131d\u0131k, daima y\u00fckseklerde ve yenilenmi\u015f olarak kald\u0131, d\u00fc\u015f\u00fcncede, sanatta, iyilik ve insanl\u0131\u011fa vermede, i\u00e7ine kapan\u0131kl\u0131k ve ho\u015fg\u00f6r\u00fcs\u00fczl\u00fckle kar\u015f\u0131 kar\u015f\u0131ya kalan yarat\u0131c\u0131l\u0131\u011f\u0131n \u00fcretkenli\u011fini s\u00fcrd\u00fcrd\u00fc&#8221; dedi.<\/p>\n<p style=\"text-align: justify;\">Bakan, Suriye&#8217;nin \u015fimdiye kadar ke\u015ffedilen en eski heykeli kucaklad\u0131\u011f\u0131n\u0131, en eski alfabenin kendisinde sakland\u0131\u011f\u0131n\u0131 ve ilk m\u00fczik notas\u0131n\u0131 icad\u0131ndan bahsederek, bu topraklar\u0131n insanlar\u0131n\u0131n yarat\u0131c\u0131l\u0131\u011f\u0131 babalar\u0131ndan ve dedelerinden miras ald\u0131klar\u0131n\u0131, Suriye d\u00fc\u015f\u00fcncesinin yenilenmeye ve yarat\u0131c\u0131 ve medeni bir \u015fekilde yeniden \u00fcretilmeye devam etmesi i\u00e7in her t\u00fcrl\u00fc medeni ifade yolunu reddeden sava\u015f ve ter\u00f6rle y\u00fczle\u015ferek t\u00fcm insanl\u0131\u011fa ilham vermek i\u00e7in Suriye&#8217;de de\u011ferlerini kan\u0131tlad\u0131klar\u0131n\u0131 ifade etti.<\/p>\n<p style=\"text-align: justify;\">M\u00fczisyen Rimavi Rapsodiyi bir a\u015fk mektubu olarak tan\u0131mlanan hikayesi, her insan\u0131n zengin ve \u00e7e\u015fitli zengin bir mirastan kaynaklanan \u015fark\u0131 s\u00f6yleme, dua etme ve varl\u0131k hikayesi olarak niteledi.<\/p>\n<p style=\"text-align: justify;\">D\u00fcnyan\u0131n farkl\u0131 \u00fclkelerinden Expo 2020 Dubai misafirleri, bu g\u00f6rsel m\u00fczik performans\u0131yla Suriye m\u00fczi\u011fi tarihinde bir yolculuk ya\u015fad\u0131. \u00c7al\u0131\u015fma, Ugarit \u015fehrinde 1400 y\u0131l \u00f6ncesine ait bir kil tablet \u00fczerinde ke\u015ffedilen &#8220;Nikal&#8221; ilahisiyle, d\u00fcnyan\u0131n bilinen en eski notalar\u0131 i\u00e7in yeni bir sanatsal vizyonla ba\u015flad\u0131.<\/p>\n<p style=\"text-align: justify;\">\u00c7al\u0131\u015fma daha sonra kilise topluluklar\u0131n\u0131n \u015fark\u0131 s\u00f6ylemesinin en eski bi\u00e7imi olan S\u00fcryanice ilahiler \u00e7a\u011f\u0131na, oradan da tasavvuf ilahisi geleneklerine ve ard\u0131ndan e\u015fsiz ve dikkat \u00e7ekici bir m\u00fczik f\u00fczyonunda \u00e7a\u011fda\u015f m\u00fczi\u011fe ta\u015f\u0131nd\u0131.<\/p>\n<p style=\"text-align: justify;\">Teknik olarak ayr\u0131nt\u0131lara gelince, g\u00f6steri, yap\u0131da \u00f6zg\u00fcrce akan, renk ve tonda olduk\u00e7a z\u0131t ruh halleri i\u00e7eren, spontane bir ilham ve m\u00fczikal do\u011fa\u00e7lama havas\u0131yla, daha \u00f6zg\u00fcr bir form hissi veren tek, enine, entegre bir hareket olup di\u011fer m\u00fczik t\u00fcrleri ve her performans d\u00f6nemi ile \u00e7al\u0131\u015fmay\u0131 i\u00e7eriyor. M\u00fczik t\u00fcrlerinin Suriye armonisinin e\u015fsiz durumunu bir yans\u0131mas\u0131 olarak, ahenk i\u00e7inde nihayet sahnede bulu\u015fmas\u0131 i\u00e7in dualar\u0131 da i\u00e7erdi.<\/p>\n<p style=\"text-align: justify;\">G\u00f6steri organizat\u00f6rleri, Suriyelilerin insanl\u0131\u011f\u0131 birle\u015ftiren \u015feyin onu b\u00f6len \u015feyden \u00e7ok daha b\u00fcy\u00fck oldu\u011funa ve ortak paydalar\u0131m\u0131z\u0131n her t\u00fcrl\u00fc sava\u015f\u0131 a\u015fabilece\u011fine olan inanc\u0131n\u0131 ifade eden bir mesaj iletmeye \u00e7al\u0131\u015ft\u0131.<\/p>\n","protected":false},"excerpt":{"rendered":"<p>DUBA\u0130 &#8211; Suriye kanad\u0131 taraf\u0131ndan Suriye Kalk\u0131nma Vakf\u0131 ile i\u015fbirli\u011fi i\u00e7inde d\u00fczenlenen ve \u015eam Kanatlar\u0131 Hava Yollar\u0131 \u015eirketi sponsorlu\u011funda d\u00fczenlenen k\u00fclt\u00fcrel program kapsam\u0131nda, d\u00fcnya halklar\u0131 i\u00e7in sevgi ve bar\u0131\u015f dolu 100 Suriyeli m\u00fczisyen ve \u015fark\u0131c\u0131, m\u00fczisyen \u0130yad Al Rimavi&#8217;nin ve Maestro Misak Ba\u011fbodrian y\u00f6netimindeki destans\u0131 &#8220;Suriye Rapsodisi&#8221; par\u00e7as\u0131n\u0131 &#8220;Expo 2020 Dubai&#8221; sahnesinde sundu. K\u00fclt\u00fcr Bakan\u0131 &hellip;<\/p>\n","protected":false},"author":1,"featured_media":249721,"comment_status":"closed","ping_status":"closed","sticky":false,"template":"","format":"standard","meta":{"footnotes":""},"categories":[516,511,17988],"tags":[],"class_list":["post-249720","post","type-post","status-publish","format-standard","has-post-thumbnail","","category-haberler-kultur-ve-sanat","category-kultur-ve-sanat","category-son-haberler"],"_links":{"self":[{"href":"https:\/\/archive.sana.sy\/tr\/index.php?rest_route=\/wp\/v2\/posts\/249720","targetHints":{"allow":["GET"]}}],"collection":[{"href":"https:\/\/archive.sana.sy\/tr\/index.php?rest_route=\/wp\/v2\/posts"}],"about":[{"href":"https:\/\/archive.sana.sy\/tr\/index.php?rest_route=\/wp\/v2\/types\/post"}],"author":[{"embeddable":true,"href":"https:\/\/archive.sana.sy\/tr\/index.php?rest_route=\/wp\/v2\/users\/1"}],"replies":[{"embeddable":true,"href":"https:\/\/archive.sana.sy\/tr\/index.php?rest_route=%2Fwp%2Fv2%2Fcomments&post=249720"}],"version-history":[{"count":0,"href":"https:\/\/archive.sana.sy\/tr\/index.php?rest_route=\/wp\/v2\/posts\/249720\/revisions"}],"wp:featuredmedia":[{"embeddable":true,"href":"https:\/\/archive.sana.sy\/tr\/index.php?rest_route=\/wp\/v2\/media\/249721"}],"wp:attachment":[{"href":"https:\/\/archive.sana.sy\/tr\/index.php?rest_route=%2Fwp%2Fv2%2Fmedia&parent=249720"}],"wp:term":[{"taxonomy":"category","embeddable":true,"href":"https:\/\/archive.sana.sy\/tr\/index.php?rest_route=%2Fwp%2Fv2%2Fcategories&post=249720"},{"taxonomy":"post_tag","embeddable":true,"href":"https:\/\/archive.sana.sy\/tr\/index.php?rest_route=%2Fwp%2Fv2%2Ftags&post=249720"}],"curies":[{"name":"wp","href":"https:\/\/api.w.org\/{rel}","templated":true}]}}