{"id":249726,"date":"2022-02-08T13:29:31","date_gmt":"2022-02-08T11:29:31","guid":{"rendered":"http:\/\/107.6.182.27\/tr\/?p=249726"},"modified":"2022-02-09T08:33:46","modified_gmt":"2022-02-09T06:33:46","slug":"sam-kirsali-muaddamiyat-el-sam-kentindeki-uzlasma-merkezine-akin-akin-geliyorlar","status":"publish","type":"post","link":"https:\/\/archive.sana.sy\/tr\/?p=249726","title":{"rendered":"\u015eam K\u0131rsal\u0131 Muaddamiyat El \u015eam Kentindeki Uzla\u015fma Merkezine Ak\u0131n Ak\u0131n Geliyorlar"},"content":{"rendered":"<p style=\"text-align: justify;\">\u015eAM KIRSALI &#8211; \u015eam&#8217;\u0131n g\u00fcneybat\u0131s\u0131ndaki Muaddamiyat El \u015eam kentinde, devletin \u00f6nerdi\u011fi anla\u015fmalar \u00e7er\u00e7evesinde yetkili makamlar taraf\u0131ndan (Muaddamiyat el \u015eam \u0130lkokulu) a\u00e7\u0131lan merkezde bu sabah uzla\u015fma s\u00fcreci ba\u015flat\u0131ld\u0131.<\/p>\n<p style=\"text-align: justify;\">SANA muhabiri, merkezin \u00e7\u00f6z\u00fcm s\u00fcrecine kat\u0131lmak isteyen \u00e7ok say\u0131da insan\u0131n ak\u0131n\u0131na tan\u0131k oldu\u011funu belirtti.<\/p>\n<p style=\"text-align: justify;\">\u015eam K\u0131rsal Valili\u011fi&#8217;nde \u00f6n\u00fcm\u00fczdeki d\u00f6nemde de isteyen herkesi kapsayacak ve normal hayatlar\u0131na d\u00f6nebilecekleri \u015fekilde uzla\u015fma eylemleri devam edecek.<\/p>\n","protected":false},"excerpt":{"rendered":"<p>\u015eAM KIRSALI &#8211; \u015eam&#8217;\u0131n g\u00fcneybat\u0131s\u0131ndaki Muaddamiyat El \u015eam kentinde, devletin \u00f6nerdi\u011fi anla\u015fmalar \u00e7er\u00e7evesinde yetkili makamlar taraf\u0131ndan (Muaddamiyat el \u015eam \u0130lkokulu) a\u00e7\u0131lan merkezde bu sabah uzla\u015fma s\u00fcreci ba\u015flat\u0131ld\u0131. SANA muhabiri, merkezin \u00e7\u00f6z\u00fcm s\u00fcrecine kat\u0131lmak isteyen \u00e7ok say\u0131da insan\u0131n ak\u0131n\u0131na tan\u0131k oldu\u011funu belirtti. \u015eam K\u0131rsal Valili\u011fi&#8217;nde \u00f6n\u00fcm\u00fczdeki d\u00f6nemde de isteyen herkesi kapsayacak ve normal hayatlar\u0131na d\u00f6nebilecekleri \u015fekilde &hellip;<\/p>\n","protected":false},"author":1,"featured_media":249727,"comment_status":"closed","ping_status":"closed","sticky":false,"template":"","format":"standard","meta":{"footnotes":""},"categories":[479,17988,478],"tags":[],"class_list":["post-249726","post","type-post","status-publish","format-standard","has-post-thumbnail","","category-haberler-yerel","category-son-haberler","category-yerel"],"_links":{"self":[{"href":"https:\/\/archive.sana.sy\/tr\/index.php?rest_route=\/wp\/v2\/posts\/249726","targetHints":{"allow":["GET"]}}],"collection":[{"href":"https:\/\/archive.sana.sy\/tr\/index.php?rest_route=\/wp\/v2\/posts"}],"about":[{"href":"https:\/\/archive.sana.sy\/tr\/index.php?rest_route=\/wp\/v2\/types\/post"}],"author":[{"embeddable":true,"href":"https:\/\/archive.sana.sy\/tr\/index.php?rest_route=\/wp\/v2\/users\/1"}],"replies":[{"embeddable":true,"href":"https:\/\/archive.sana.sy\/tr\/index.php?rest_route=%2Fwp%2Fv2%2Fcomments&post=249726"}],"version-history":[{"count":0,"href":"https:\/\/archive.sana.sy\/tr\/index.php?rest_route=\/wp\/v2\/posts\/249726\/revisions"}],"wp:featuredmedia":[{"embeddable":true,"href":"https:\/\/archive.sana.sy\/tr\/index.php?rest_route=\/wp\/v2\/media\/249727"}],"wp:attachment":[{"href":"https:\/\/archive.sana.sy\/tr\/index.php?rest_route=%2Fwp%2Fv2%2Fmedia&parent=249726"}],"wp:term":[{"taxonomy":"category","embeddable":true,"href":"https:\/\/archive.sana.sy\/tr\/index.php?rest_route=%2Fwp%2Fv2%2Fcategories&post=249726"},{"taxonomy":"post_tag","embeddable":true,"href":"https:\/\/archive.sana.sy\/tr\/index.php?rest_route=%2Fwp%2Fv2%2Ftags&post=249726"}],"curies":[{"name":"wp","href":"https:\/\/api.w.org\/{rel}","templated":true}]}}