{"id":249739,"date":"2022-02-08T20:03:34","date_gmt":"2022-02-08T18:03:34","guid":{"rendered":"http:\/\/107.6.182.27\/tr\/?p=249739"},"modified":"2022-02-09T08:30:28","modified_gmt":"2022-02-09T06:30:28","slug":"nablusta-israil-askerlerinin-kursunlariyla-3-filistinli-oldu","status":"publish","type":"post","link":"https:\/\/archive.sana.sy\/tr\/?p=249739","title":{"rendered":"Nablus&#8217;ta \u0130srail Askerlerinin Kur\u015funlar\u0131yla 3 Filistinli \u00d6ld\u00fc"},"content":{"rendered":"<p style=\"text-align: justify;\">\u0130\u015eGAL ALTINDAK\u0130 KUD\u00dcS \u2013 Bat\u0131 Yaka&#8217;n\u0131n Nablus kentinde \u0130srail i\u015fgal g\u00fc\u00e7leri bug\u00fcn 3 Filistinliyi \u015fehit etti.<\/p>\n<p style=\"text-align: justify;\">Wafa Filistin haber ajans\u0131, i\u015fgal g\u00fc\u00e7lerinin Nablus kentindeki el Mahfieh mahallesine bask\u0131n d\u00fczenledi\u011fini ve bir ara\u00e7ta d\u00f6rt Filistinliyi vurarak \u0130brahim el Nabulsi, Adham Mabruk ve Muhammed el Dahil&#8217;in \u00f6l\u00fcm\u00fcne yol a\u00e7t\u0131\u011f\u0131n\u0131 ve d\u00f6rd\u00fcnc\u00fc ki\u015fiyi tutuklad\u0131\u011f\u0131n\u0131 duyurdu.<\/p>\n<p style=\"text-align: justify;\">D\u00fcn ise, i\u015fgal g\u00fc\u00e7lerinin i\u015fgal alt\u0131ndaki Kud\u00fcs&#8217;\u00fcn kuzeyindeki Kafr ve Bat\u0131 \u015eeria&#8217;daki Beyt\u00fcllahim&#8217;in g\u00fcneyindeki Al-Khader kasabalar\u0131na d\u00fczenledi\u011fi bask\u0131nlar sonucu onlarca Filistinli yaralanm\u0131\u015ft\u0131.<\/p>\n","protected":false},"excerpt":{"rendered":"<p>\u0130\u015eGAL ALTINDAK\u0130 KUD\u00dcS \u2013 Bat\u0131 Yaka&#8217;n\u0131n Nablus kentinde \u0130srail i\u015fgal g\u00fc\u00e7leri bug\u00fcn 3 Filistinliyi \u015fehit etti. Wafa Filistin haber ajans\u0131, i\u015fgal g\u00fc\u00e7lerinin Nablus kentindeki el Mahfieh mahallesine bask\u0131n d\u00fczenledi\u011fini ve bir ara\u00e7ta d\u00f6rt Filistinliyi vurarak \u0130brahim el Nabulsi, Adham Mabruk ve Muhammed el Dahil&#8217;in \u00f6l\u00fcm\u00fcne yol a\u00e7t\u0131\u011f\u0131n\u0131 ve d\u00f6rd\u00fcnc\u00fc ki\u015fiyi tutuklad\u0131\u011f\u0131n\u0131 duyurdu. D\u00fcn ise, i\u015fgal &hellip;<\/p>\n","protected":false},"author":1,"featured_media":249740,"comment_status":"closed","ping_status":"closed","sticky":false,"template":"","format":"standard","meta":{"footnotes":""},"categories":[458,459,17988],"tags":[],"class_list":["post-249739","post","type-post","status-publish","format-standard","has-post-thumbnail","","category-dunya1","category-haberler-arap-uluslararasi-politika","category-son-haberler"],"_links":{"self":[{"href":"https:\/\/archive.sana.sy\/tr\/index.php?rest_route=\/wp\/v2\/posts\/249739","targetHints":{"allow":["GET"]}}],"collection":[{"href":"https:\/\/archive.sana.sy\/tr\/index.php?rest_route=\/wp\/v2\/posts"}],"about":[{"href":"https:\/\/archive.sana.sy\/tr\/index.php?rest_route=\/wp\/v2\/types\/post"}],"author":[{"embeddable":true,"href":"https:\/\/archive.sana.sy\/tr\/index.php?rest_route=\/wp\/v2\/users\/1"}],"replies":[{"embeddable":true,"href":"https:\/\/archive.sana.sy\/tr\/index.php?rest_route=%2Fwp%2Fv2%2Fcomments&post=249739"}],"version-history":[{"count":0,"href":"https:\/\/archive.sana.sy\/tr\/index.php?rest_route=\/wp\/v2\/posts\/249739\/revisions"}],"wp:featuredmedia":[{"embeddable":true,"href":"https:\/\/archive.sana.sy\/tr\/index.php?rest_route=\/wp\/v2\/media\/249740"}],"wp:attachment":[{"href":"https:\/\/archive.sana.sy\/tr\/index.php?rest_route=%2Fwp%2Fv2%2Fmedia&parent=249739"}],"wp:term":[{"taxonomy":"category","embeddable":true,"href":"https:\/\/archive.sana.sy\/tr\/index.php?rest_route=%2Fwp%2Fv2%2Fcategories&post=249739"},{"taxonomy":"post_tag","embeddable":true,"href":"https:\/\/archive.sana.sy\/tr\/index.php?rest_route=%2Fwp%2Fv2%2Ftags&post=249739"}],"curies":[{"name":"wp","href":"https:\/\/api.w.org\/{rel}","templated":true}]}}