{"id":249742,"date":"2022-02-08T20:06:15","date_gmt":"2022-02-08T18:06:15","guid":{"rendered":"http:\/\/107.6.182.27\/tr\/?p=249742"},"modified":"2022-02-09T11:31:54","modified_gmt":"2022-02-09T09:31:54","slug":"249742","status":"publish","type":"post","link":"https:\/\/archive.sana.sy\/tr\/?p=249742","title":{"rendered":"Dijital D\u00f6n\u00fc\u015f\u00fcm Y\u00fcksek Komitesi: Her Bakanl\u0131k \u0130\u00e7in Bir Dijital D\u00f6n\u00fc\u015f\u00fcm Politikas\u0131 ve Kadrolar \u0130\u00e7in Bir Te\u015fvik ve Tazminat Sistemi"},"content":{"rendered":"<p style=\"text-align: justify;\">\u015eAM \u2013 Dijital D\u00f6n\u00fc\u015f\u00fcm Y\u00fcksek Komitesi, bug\u00fcn Ba\u015fbakan H\u00fcseyin Arnous ba\u015fkanl\u0131\u011f\u0131ndaki toplant\u0131s\u0131nda, her bakanl\u0131k i\u00e7in bir dijital d\u00f6n\u00fc\u015f\u00fcm politikas\u0131 geli\u015ftirmeye ve her bakanl\u0131k i\u00e7in hizmetler i\u00e7in dijital d\u00f6n\u00fc\u015f\u00fcm plan\u0131 olu\u015fturmaya karar verdi.<\/p>\n<p style=\"text-align: justify;\">Komite, \u0130leti\u015fim, Teknoloji, Maliye ve \u0130dari Kalk\u0131nma Bakanl\u0131klar\u0131n\u0131, dijital d\u00f6n\u00fc\u015f\u00fcm sekt\u00f6r\u00fcnde \u00e7al\u0131\u015fan teknik kadrolar\u0131 korumak ve yeni kadrolar\u0131 \u00e7ekmek i\u00e7in bir te\u015fvik ve tazminat sistemi kurmakla g\u00f6revlendirdi.<\/p>\n<p style=\"text-align: justify;\">Bu alanda \u00e7al\u0131\u015fanlar\u0131n performans d\u00fczeyini y\u00fckseltmek i\u00e7in e\u011fitim kurslar\u0131 uygulamak \u00fczere Haberle\u015fme ve Teknoloji Bakanl\u0131\u011f\u0131&#8217;n\u0131n g\u00f6revlendirilmesi onayland\u0131.<\/p>\n<p style=\"text-align: justify;\">Komite, kadrolar\u0131 ve uzmanlar\u0131 cezbetmek ve onlar\u0131 uzun s\u00fcre elinde tutmak i\u00e7in, \u00fcst d\u00fczey kadrolar taraf\u0131ndan uygulanan mesleklerin niteli\u011fine ve i\u015fin de\u011ferine dayal\u0131 olarak \u00fccret ve terfi hesaplama mekanizmalar\u0131n\u0131n yeniden g\u00f6zden ge\u00e7irilmesi gerekti\u011fini vurgulad\u0131.<\/p>\n<p style=\"text-align: justify;\">Sorumluluklar\u0131n kesin tan\u0131m\u0131 ile bilgi hizmetleri sa\u011flama operasyonlar\u0131n\u0131 tan\u0131mlayan programl\u0131 nitelikteki projelerle ilgili olarak s\u00f6zle\u015fme kanununa bir b\u00f6l\u00fcm eklenmesini incelemek \u00fczere \u0130leti\u015fim ve Maliye bakanl\u0131klar\u0131ndan bir komite olu\u015fturuldu.<\/p>\n<p style=\"text-align: justify;\">Son olarak komite, cari y\u0131l i\u00e7in 11 proje olan dijital d\u00f6n\u00fc\u015f\u00fcm stratejisi ile ilgili projelerin tamamlanma a\u015famalar\u0131n\u0131 takip etti ve belirlenen zaman dilimlerinde projelerin ba\u015flat\u0131lmas\u0131n\u0131n \u00f6n\u00fcndeki mevcut engellerin s\u00fcrekli takibi ve do\u011frudan tedavisi gere\u011fini vurgulad\u0131.<\/p>\n","protected":false},"excerpt":{"rendered":"<p>\u015eAM \u2013 Dijital D\u00f6n\u00fc\u015f\u00fcm Y\u00fcksek Komitesi, bug\u00fcn Ba\u015fbakan H\u00fcseyin Arnous ba\u015fkanl\u0131\u011f\u0131ndaki toplant\u0131s\u0131nda, her bakanl\u0131k i\u00e7in bir dijital d\u00f6n\u00fc\u015f\u00fcm politikas\u0131 geli\u015ftirmeye ve her bakanl\u0131k i\u00e7in hizmetler i\u00e7in dijital d\u00f6n\u00fc\u015f\u00fcm plan\u0131 olu\u015fturmaya karar verdi. Komite, \u0130leti\u015fim, Teknoloji, Maliye ve \u0130dari Kalk\u0131nma Bakanl\u0131klar\u0131n\u0131, dijital d\u00f6n\u00fc\u015f\u00fcm sekt\u00f6r\u00fcnde \u00e7al\u0131\u015fan teknik kadrolar\u0131 korumak ve yeni kadrolar\u0131 \u00e7ekmek i\u00e7in bir te\u015fvik ve &hellip;<\/p>\n","protected":false},"author":1,"featured_media":249743,"comment_status":"closed","ping_status":"closed","sticky":false,"template":"","format":"standard","meta":{"footnotes":""},"categories":[479,17988,478],"tags":[],"class_list":["post-249742","post","type-post","status-publish","format-standard","has-post-thumbnail","","category-haberler-yerel","category-son-haberler","category-yerel"],"_links":{"self":[{"href":"https:\/\/archive.sana.sy\/tr\/index.php?rest_route=\/wp\/v2\/posts\/249742","targetHints":{"allow":["GET"]}}],"collection":[{"href":"https:\/\/archive.sana.sy\/tr\/index.php?rest_route=\/wp\/v2\/posts"}],"about":[{"href":"https:\/\/archive.sana.sy\/tr\/index.php?rest_route=\/wp\/v2\/types\/post"}],"author":[{"embeddable":true,"href":"https:\/\/archive.sana.sy\/tr\/index.php?rest_route=\/wp\/v2\/users\/1"}],"replies":[{"embeddable":true,"href":"https:\/\/archive.sana.sy\/tr\/index.php?rest_route=%2Fwp%2Fv2%2Fcomments&post=249742"}],"version-history":[{"count":0,"href":"https:\/\/archive.sana.sy\/tr\/index.php?rest_route=\/wp\/v2\/posts\/249742\/revisions"}],"wp:featuredmedia":[{"embeddable":true,"href":"https:\/\/archive.sana.sy\/tr\/index.php?rest_route=\/wp\/v2\/media\/249743"}],"wp:attachment":[{"href":"https:\/\/archive.sana.sy\/tr\/index.php?rest_route=%2Fwp%2Fv2%2Fmedia&parent=249742"}],"wp:term":[{"taxonomy":"category","embeddable":true,"href":"https:\/\/archive.sana.sy\/tr\/index.php?rest_route=%2Fwp%2Fv2%2Fcategories&post=249742"},{"taxonomy":"post_tag","embeddable":true,"href":"https:\/\/archive.sana.sy\/tr\/index.php?rest_route=%2Fwp%2Fv2%2Ftags&post=249742"}],"curies":[{"name":"wp","href":"https:\/\/api.w.org\/{rel}","templated":true}]}}