{"id":249757,"date":"2022-02-08T20:30:42","date_gmt":"2022-02-08T18:30:42","guid":{"rendered":"http:\/\/107.6.182.27\/tr\/?p=249757"},"modified":"2022-02-10T12:40:06","modified_gmt":"2022-02-10T10:40:06","slug":"dubaiden-iste-suriye","status":"publish","type":"post","link":"https:\/\/archive.sana.sy\/tr\/?p=249757","title":{"rendered":"Dubai\u2019den.. Buras\u0131 Suriye"},"content":{"rendered":"<p style=\"text-align: justify;\">DUBA\u0130 \u2013 B\u00fcy\u00fck g\u00fczellik ve ihti\u015faml\u0131 anlarda Suriyelilerin omuzlar\u0131ndan baz\u0131 dertlerini d\u00fc\u015f\u00fcren m\u00fczik, Suriye topraklar\u0131n\u0131n insanlar\u0131n\u0131n sava\u015f\u0131n kal\u0131nt\u0131lar\u0131 aras\u0131nda arad\u0131\u011f\u0131 saf ufka giden yol oldu.<\/p>\n<p style=\"text-align: justify;\">Expo Dubai&#8217;daki \u201cJubilee Tiyatrosu\u201dnda Suriyeliler \u0131\u015f\u0131klar\u0131yla t\u00fcm d\u00fcnyay\u0131 ayd\u0131nlat\u0131p kalbi olan herkes mesajlar\u0131n\u0131 duyup bu evrenin zaman\u0131nda bir saat Suriyeli ellerle ve Suriyeli kimli\u011fiyle ge\u00e7ti.<\/p>\n<p style=\"text-align: justify;\">Zor ekonomik a\u015famas\u0131ndan ge\u00e7en insanlar i\u00e7in \u0131\u015f\u0131kl\u0131 ufukun g\u00f6r\u00fclebilir alan\u0131 sa\u011flayan m\u00fczik, onlara hayatta g\u00fczelli\u011fin varl\u0131\u011f\u0131yla kavu\u015fturdu.<\/p>\n<p style=\"text-align: justify;\">Suriye Kalk\u0131nma Vakf\u0131&#8217;na gelince, bu k\u00fcresel k\u00fclt\u00fcrel g\u00f6sterinin ger\u00e7ekle\u015ftirilmesine katk\u0131da bulundu\u011funda, somut olmayan Suriye miras\u0131na ili\u015fkin ilk olmayan bir durakta onu bekleyen bir\u00e7ok ki\u015fi i\u00e7in g\u00fczelli\u011fe bir kap\u0131 a\u00e7mak gibiydi. Vak\u0131f, Suriye\u2019nin k\u00fclt\u00fcrel miras\u0131n\u0131 korumak ve t\u00fcm d\u00fcnyaya yaymak i\u00e7in hi\u00e7bir \u00e7abadan ka\u00e7\u0131nmaktad\u0131r.<\/p>\n<p style=\"text-align: justify;\">D\u00fcnya halklar\u0131na sevgi ve bar\u0131\u015f\u0131 ta\u015f\u0131yan 100 Suriyeli m\u00fczisyen ve \u015fark\u0131c\u0131, d\u00fcn Expo Dubai 2022 platformu sahnesinde m\u00fczisyen \u0130yad el Rimavi imzal\u0131 ve Maestro Misak Baghboudrian liderli\u011findeki destans\u0131 m\u00fczik eseri \u201cSuriye Rhapsody\u201dyi sundu.<\/p>\n<p style=\"text-align: justify;\">P.M.<\/p>\n<p><iframe loading=\"lazy\" title=\"YouTube video player\" src=\"https:\/\/www.youtube.com\/embed\/8cBcC2riBVg\" width=\"620\" height=\"348\" frameborder=\"0\" allowfullscreen=\"allowfullscreen\"><\/iframe><\/p>\n","protected":false},"excerpt":{"rendered":"<p>DUBA\u0130 \u2013 B\u00fcy\u00fck g\u00fczellik ve ihti\u015faml\u0131 anlarda Suriyelilerin omuzlar\u0131ndan baz\u0131 dertlerini d\u00fc\u015f\u00fcren m\u00fczik, Suriye topraklar\u0131n\u0131n insanlar\u0131n\u0131n sava\u015f\u0131n kal\u0131nt\u0131lar\u0131 aras\u0131nda arad\u0131\u011f\u0131 saf ufka giden yol oldu. Expo Dubai&#8217;daki \u201cJubilee Tiyatrosu\u201dnda Suriyeliler \u0131\u015f\u0131klar\u0131yla t\u00fcm d\u00fcnyay\u0131 ayd\u0131nlat\u0131p kalbi olan herkes mesajlar\u0131n\u0131 duyup bu evrenin zaman\u0131nda bir saat Suriyeli ellerle ve Suriyeli kimli\u011fiyle ge\u00e7ti. Zor ekonomik a\u015famas\u0131ndan ge\u00e7en insanlar &hellip;<\/p>\n","protected":false},"author":1,"featured_media":249758,"comment_status":"closed","ping_status":"closed","sticky":false,"template":"","format":"standard","meta":{"footnotes":""},"categories":[458,516,459,511,17988],"tags":[],"class_list":["post-249757","post","type-post","status-publish","format-standard","has-post-thumbnail","","category-dunya1","category-haberler-kultur-ve-sanat","category-haberler-arap-uluslararasi-politika","category-kultur-ve-sanat","category-son-haberler"],"_links":{"self":[{"href":"https:\/\/archive.sana.sy\/tr\/index.php?rest_route=\/wp\/v2\/posts\/249757","targetHints":{"allow":["GET"]}}],"collection":[{"href":"https:\/\/archive.sana.sy\/tr\/index.php?rest_route=\/wp\/v2\/posts"}],"about":[{"href":"https:\/\/archive.sana.sy\/tr\/index.php?rest_route=\/wp\/v2\/types\/post"}],"author":[{"embeddable":true,"href":"https:\/\/archive.sana.sy\/tr\/index.php?rest_route=\/wp\/v2\/users\/1"}],"replies":[{"embeddable":true,"href":"https:\/\/archive.sana.sy\/tr\/index.php?rest_route=%2Fwp%2Fv2%2Fcomments&post=249757"}],"version-history":[{"count":0,"href":"https:\/\/archive.sana.sy\/tr\/index.php?rest_route=\/wp\/v2\/posts\/249757\/revisions"}],"wp:featuredmedia":[{"embeddable":true,"href":"https:\/\/archive.sana.sy\/tr\/index.php?rest_route=\/wp\/v2\/media\/249758"}],"wp:attachment":[{"href":"https:\/\/archive.sana.sy\/tr\/index.php?rest_route=%2Fwp%2Fv2%2Fmedia&parent=249757"}],"wp:term":[{"taxonomy":"category","embeddable":true,"href":"https:\/\/archive.sana.sy\/tr\/index.php?rest_route=%2Fwp%2Fv2%2Fcategories&post=249757"},{"taxonomy":"post_tag","embeddable":true,"href":"https:\/\/archive.sana.sy\/tr\/index.php?rest_route=%2Fwp%2Fv2%2Ftags&post=249757"}],"curies":[{"name":"wp","href":"https:\/\/api.w.org\/{rel}","templated":true}]}}