{"id":24976,"date":"2015-02-26T17:34:31","date_gmt":"2015-02-26T15:34:31","guid":{"rendered":"http:\/\/www.sana.sy\/tr\/?p=24976"},"modified":"2015-02-26T17:34:31","modified_gmt":"2015-02-26T15:34:31","slug":"bayindirlik-ve-ulastirma-bakanlari-guney-afrika-buyukelcisiyle-toplanti-yaptilar","status":"publish","type":"post","link":"https:\/\/archive.sana.sy\/tr\/?p=24976","title":{"rendered":"Bay\u0131nd\u0131rl\u0131k ve Ula\u015ft\u0131rma Bakanlar\u0131 G\u00fcney Afrika B\u00fcy\u00fckel\u00e7isiyle Toplant\u0131 Yapt\u0131lar"},"content":{"rendered":"<p>\u015eAM \u2013 Bay\u0131nd\u0131rl\u0131k Bakan\u0131 H\u00fcseyin Arnus, G\u00fcney Afrika\u2019n\u0131n \u015eam B\u00fcy\u00fckel\u00e7isi \u015eavn Binvildet ile bir araya gelerek imar ve yap\u0131 alan\u0131nda iki \u00fclke aras\u0131ndaki i\u015fbirli\u011fi ufkunu inceledi.<\/p>\n<p>G\u00fcney Afrika\u2019da bulunan in\u015faat yap\u0131 malzemeleri, teknolojisi ve deneyimlerinden faydalanma olanaklar\u0131na i\u015faret eden Arnus; bu alanda iki \u00fclke aras\u0131nda ithalat-ihracat, ortak proje ve \u015firket ortakl\u0131\u011f\u0131 gibi i\u015fbirli\u011fine dayal\u0131 ili\u015fkilerin geli\u015ftirilmesi gerekti\u011fini belirtti.<\/p>\n<p>\u00d6te yandan \u00fclkesinin Suriye&#8217;de yeniden in\u015fa s\u00fcrecine m\u00fcmk\u00fcn olan katk\u0131y\u0131 sunmaya haz\u0131r oldu\u011funu dile getiren Binvildet; iki \u00fclkedeki kamu ve \u00f6zel sekt\u00f6rlerdeki i\u015f alanlar\u0131nda ortak \u00e7al\u0131\u015fma komisyonlar\u0131 olu\u015fturulmas\u0131 y\u00f6n\u00fcnde \u00e7aba harcad\u0131\u011f\u0131n\u0131 beyan etti.<\/p>\n<p>Ayr\u0131ca bug\u00fcn G\u00fcney Afrika B\u00fcy\u00fckel\u00e7isi Binvildet ile g\u00f6r\u00fc\u015fme yapan Ula\u015ft\u0131rma Bakan\u0131 \u011eazvan Hayrbek, iki \u00fclke aras\u0131ndaki i\u015fbirli\u011fi ili\u015fkilerini ba\u015fta ula\u015ft\u0131rma alan\u0131 olmak \u00fczere b\u00fct\u00fcn alanlarda geli\u015ftirme olanaklar\u0131n\u0131 inceledi.<\/p>\n<p>Suriye&#8217;nin G\u00fcney Afrika\u2019daki sivil havac\u0131l\u0131k ile ilgili deneyim ve birikimden faydalanma iste\u011fini dile getiren Hayrbek; ula\u015ft\u0131rma alan\u0131ndaki projelerin incelenmesi ve geli\u015ftirilmesi amac\u0131yla bu alanda iki \u00fclkedeki uzman ve teknikerler aras\u0131nda bir toplant\u0131 d\u00fczenlenmesi \u00e7a\u011fr\u0131s\u0131nda bulundu.<\/p>\n<p>G\u00fcney Afrika B\u00fcy\u00fckel\u00e7isi Binvildet \u00fclkesinin Suriye ile i\u015fbirli\u011fini geli\u015ftirme iste\u011fini ve iki \u00fclke aras\u0131nda kar\u015f\u0131l\u0131kl\u0131 ziyaretler koordine etmeye haz\u0131r oldu\u011funu vurgulad\u0131.<\/p>\n<p>F.B. &#8211; M.M.<\/p>\n","protected":false},"excerpt":{"rendered":"<p>\u015eAM \u2013 Bay\u0131nd\u0131rl\u0131k Bakan\u0131 H\u00fcseyin Arnus, G\u00fcney Afrika\u2019n\u0131n \u015eam B\u00fcy\u00fckel\u00e7isi \u015eavn Binvildet ile bir araya gelerek imar ve yap\u0131 alan\u0131nda iki \u00fclke aras\u0131ndaki i\u015fbirli\u011fi ufkunu inceledi. G\u00fcney Afrika\u2019da bulunan in\u015faat yap\u0131 malzemeleri, teknolojisi ve deneyimlerinden faydalanma olanaklar\u0131na i\u015faret eden Arnus; bu alanda iki \u00fclke aras\u0131nda ithalat-ihracat, ortak proje ve \u015firket ortakl\u0131\u011f\u0131 gibi i\u015fbirli\u011fine dayal\u0131 ili\u015fkilerin &hellip;<\/p>\n","protected":false},"author":1,"featured_media":24977,"comment_status":"closed","ping_status":"closed","sticky":false,"template":"","format":"standard","meta":{"footnotes":""},"categories":[479,478],"tags":[11894,11896,11895],"class_list":["post-24976","post","type-post","status-publish","format-standard","has-post-thumbnail","","category-haberler-yerel","category-yerel","tag-bayindirlik-ve-ulastirma-bakanlari-guney-afrika-buyukelcisiyle-toplanti-yaptilar","tag-guney-afrikanin-sam-buyukelcisi-savn-binvildet-ile-bir-araya-gelerek-imar-ve-yapi-alaninda-iki-ulke-arasindaki-isbirligi-ufkunu-inceledi","tag-sam-bayindirlik-bakani-huseyin-arnus"],"_links":{"self":[{"href":"https:\/\/archive.sana.sy\/tr\/index.php?rest_route=\/wp\/v2\/posts\/24976","targetHints":{"allow":["GET"]}}],"collection":[{"href":"https:\/\/archive.sana.sy\/tr\/index.php?rest_route=\/wp\/v2\/posts"}],"about":[{"href":"https:\/\/archive.sana.sy\/tr\/index.php?rest_route=\/wp\/v2\/types\/post"}],"author":[{"embeddable":true,"href":"https:\/\/archive.sana.sy\/tr\/index.php?rest_route=\/wp\/v2\/users\/1"}],"replies":[{"embeddable":true,"href":"https:\/\/archive.sana.sy\/tr\/index.php?rest_route=%2Fwp%2Fv2%2Fcomments&post=24976"}],"version-history":[{"count":0,"href":"https:\/\/archive.sana.sy\/tr\/index.php?rest_route=\/wp\/v2\/posts\/24976\/revisions"}],"wp:featuredmedia":[{"embeddable":true,"href":"https:\/\/archive.sana.sy\/tr\/index.php?rest_route=\/wp\/v2\/media\/24977"}],"wp:attachment":[{"href":"https:\/\/archive.sana.sy\/tr\/index.php?rest_route=%2Fwp%2Fv2%2Fmedia&parent=24976"}],"wp:term":[{"taxonomy":"category","embeddable":true,"href":"https:\/\/archive.sana.sy\/tr\/index.php?rest_route=%2Fwp%2Fv2%2Fcategories&post=24976"},{"taxonomy":"post_tag","embeddable":true,"href":"https:\/\/archive.sana.sy\/tr\/index.php?rest_route=%2Fwp%2Fv2%2Ftags&post=24976"}],"curies":[{"name":"wp","href":"https:\/\/api.w.org\/{rel}","templated":true}]}}