{"id":249760,"date":"2022-02-08T20:52:28","date_gmt":"2022-02-08T18:52:28","guid":{"rendered":"http:\/\/107.6.182.27\/tr\/?p=249760"},"modified":"2022-02-09T11:31:24","modified_gmt":"2022-02-09T09:31:24","slug":"kabine-subvansiyonlari-yeniden-yonlendirmeye-yonelik-tum-itirazlari-ele-almak-uretimi-artirmaya-odaklanmak-ve-fiyatlarin-gercekligini-ele-almak","status":"publish","type":"post","link":"https:\/\/archive.sana.sy\/tr\/?p=249760","title":{"rendered":"Kabine: S\u00fcbvansiyonlar\u0131 Yeniden Y\u00f6nlendirmeye Y\u00f6nelik T\u00fcm \u0130tirazlar\u0131 Ele Almak, \u00dcretimi Art\u0131rmaya Odaklanmak ve Fiyatlar\u0131n Ger\u00e7ekli\u011fini Ele Almak"},"content":{"rendered":"<p style=\"text-align: justify;\">\u015eAM \u2013 Bakanlar Kurulu, Ba\u015fbakan H\u00fcseyin Arnus ba\u015fkanl\u0131\u011f\u0131ndaki bug\u00fcnk\u00fc haftal\u0131k oturumunda, deste\u011fin ger\u00e7ek yararlan\u0131c\u0131lara tam h\u0131zla y\u00f6nlendirilmesi ve bakanl\u0131klar ile ilgili makamlar aras\u0131ndaki a\u011f ve koordinasyonun yo\u011funla\u015ft\u0131r\u0131lmas\u0131 i\u00e7in elektronik platform arac\u0131l\u0131\u011f\u0131yla al\u0131nan itirazlar\u0131n ve destek almaya uygun gruplar hakk\u0131nda verilerin do\u011fru adreslere ula\u015fmas\u0131 i\u00e7in ele al\u0131nmaya devam edildi\u011fini teyit etti.<\/p>\n<p style=\"text-align: justify;\">Kabine, yerel konseylerin \u00e7al\u0131\u015fmalar\u0131nda ademi merkeziyet\u00e7ili\u011fi te\u015fvik etmenin ve mikro i\u015fletmeler \u00e7emberini geni\u015fleterek idari birimlerin yerel d\u00fczeyde kalk\u0131nmadaki rol\u00fcn\u00fc geni\u015fletmenin \u00f6nemini vurgulad\u0131.<\/p>\n<p style=\"text-align: justify;\">Kabine, bundan sonraki a\u015famada bakanl\u0131klar\u0131n \u00e7al\u0131\u015fma y\u00f6nergelerinin ana adresinin, ilgili taraflar aras\u0131nda i\u015fbirli\u011fi i\u00e7inde \u00fcretimin art\u0131r\u0131lmas\u0131, \u00fcretim s\u00fcrecinin ilerletilmesi, fiyat ger\u00e7e\u011finin ele al\u0131nmas\u0131, tar\u0131msal sanayile\u015fmenin yayg\u0131nla\u015ft\u0131r\u0131lmas\u0131 ve tar\u0131ma yat\u0131r\u0131m yap\u0131lmas\u0131na odakland\u0131\u011f\u0131n\u0131 a\u00e7\u0131klad\u0131.<\/p>\n<p style=\"text-align: justify;\">\u00d6te yandan Ba\u015fbakan Arnus, t\u00fcm bakanl\u0131klardan planlar\u0131na ve uygulamaya y\u00f6nelik takip raporlar\u0131 sunmalar\u0131n\u0131 ve i\u00e7 ve d\u0131\u015f d\u00fczeylerde sergi d\u00fczenlenmesinden elde edilen sonu\u00e7lar\u0131n bir de\u011ferlendirmesini yapmalar\u0131n\u0131 ve Suriye \u00fcr\u00fcnlerinin ger\u00e7ekli\u011fini iyile\u015ftirmede ve d\u0131\u015f pazarlara eri\u015fimlerini garanti alt\u0131na almada bunlar\u0131 optimize etmenin \u00f6nemine ili\u015fkin bir de\u011ferlendirme yapmalar\u0131n\u0131 istedi.<\/p>\n<p style=\"text-align: justify;\">Ba\u015fbakan, k\u00fc\u00e7\u00fck ve mikro projeler \u00e7emberinin geni\u015fletilmesinin \u00f6n\u00fcndeki engellerin a\u015f\u0131lmas\u0131 ve akademisyenler ve uzmanlarla yap\u0131lan toplant\u0131 ve diyaloglardan yararlan\u0131larak bu projelerin yayg\u0131nla\u015ft\u0131r\u0131lmas\u0131na katk\u0131da bulunan basitle\u015ftirilmi\u015f prosed\u00fcrlerle b\u00fct\u00fcnle\u015fik bir form\u00fcle ula\u015fmak i\u00e7in t\u00fcm \u00f6nlemlerin al\u0131nd\u0131\u011f\u0131n\u0131 da teyit etti.<\/p>\n<p style=\"text-align: justify;\">Konsey, medya ve ileti\u015fim alan\u0131ndaki geli\u015fmelere paralel olarak \u00e7a\u011fda\u015f bir medya yasas\u0131 olu\u015fturmay\u0131 ama\u00e7layan yeni medya yasas\u0131na ili\u015fkin yasa tasla\u011f\u0131n\u0131n yan\u0131 s\u0131ra, Ermenistan h\u00fck\u00fcmeti ile imzalanan hava hizmetleri anla\u015fmas\u0131n\u0131n onaylanmas\u0131na y\u00f6nelik yasa tasar\u0131s\u0131 tasla\u011f\u0131n\u0131 g\u00f6r\u00fc\u015ft\u00fc.<\/p>\n<p style=\"text-align: justify;\">\u00d6te yandan kabineye, korona vir\u00fcs\u00fcn\u00fcn yay\u0131ld\u0131\u011f\u0131 ger\u00e7e\u011fi ve ge\u00e7ti\u011fimiz hafta boyunca g\u00f6zle g\u00f6r\u00fcl\u00fcr art\u0131\u015flar hakk\u0131nda bilgi verilirken, Sa\u011fl\u0131k Bakan\u0131 Hassan Ael \u011eabba\u015f, hastanelerde yo\u011fun bak\u0131mda bulunan vir\u00fcse yakalananlar\u0131n a\u015f\u0131 al\u0131c\u0131s\u0131 olmad\u0131\u011f\u0131n\u0131 belirtti.<\/p>\n<p style=\"text-align: justify;\">Oturumun ard\u0131ndan gazetecilere bulundu\u011fu a\u00e7\u0131klamada Enformasyon Bakan\u0131 Butros el Hallak ise, &#8220;Bakanlar Kurulu, 2011&#8217;de \u00e7\u0131kar\u0131lan medya kanununda yap\u0131lan de\u011fi\u015fiklik tasla\u011f\u0131n\u0131 bug\u00fcn g\u00f6r\u00fc\u015ft\u00fc. Bu proje, yeni medya faaliyetlerinin yasalla\u015ft\u0131r\u0131lmas\u0131na dahil edilerek yeni bir medya ortam\u0131 olu\u015fturmak ve bu ortama katma de\u011fer kazand\u0131rmak i\u00e7in geliyor&#8221; dedi.<\/p>\n<p style=\"text-align: justify;\">Enformasyon Bakan\u0131, &#8220;Medyan\u0131n ilerlemesi ve geli\u015fmesinin do\u011fas\u0131na uygun \u00e7a\u011fda\u015f bir yasaya ula\u015fmak i\u00e7in bu yasayla do\u011frudan veya dolayl\u0131 olarak ilgili t\u00fcm topluluk faaliyetleriyle m\u00fcmk\u00fcn oldu\u011funca uzun tart\u0131\u015fmalar yapmaya \u00e7al\u0131\u015ft\u0131k&#8221; ifadeleri ekledi.<\/p>\n<p style=\"text-align: justify;\">Bakan, \u201cBu kanunun geli\u015ftirilmesinde ortakl\u0131k ilkesi uyguland\u0131 ve bu form\u00fclle ortaya \u00e7\u0131kana kadar Enformasyon Bakanl\u0131\u011f\u0131 ile t\u00fcm topluluk, yasama ve akademik faaliyetler aras\u0131nda ortak bir \u00e7al\u0131\u015fma kurduk&#8230; Bu ileri a\u015famaya uyum sa\u011flayabilece\u011finizi umuyoruz&#8230;\u201d ifadeleriyle a\u00e7\u0131klamas\u0131n\u0131 sonland\u0131rd\u0131.<\/p>\n<p style=\"text-align: justify;\">P.M.<\/p>\n","protected":false},"excerpt":{"rendered":"<p>\u015eAM \u2013 Bakanlar Kurulu, Ba\u015fbakan H\u00fcseyin Arnus ba\u015fkanl\u0131\u011f\u0131ndaki bug\u00fcnk\u00fc haftal\u0131k oturumunda, deste\u011fin ger\u00e7ek yararlan\u0131c\u0131lara tam h\u0131zla y\u00f6nlendirilmesi ve bakanl\u0131klar ile ilgili makamlar aras\u0131ndaki a\u011f ve koordinasyonun yo\u011funla\u015ft\u0131r\u0131lmas\u0131 i\u00e7in elektronik platform arac\u0131l\u0131\u011f\u0131yla al\u0131nan itirazlar\u0131n ve destek almaya uygun gruplar hakk\u0131nda verilerin do\u011fru adreslere ula\u015fmas\u0131 i\u00e7in ele al\u0131nmaya devam edildi\u011fini teyit etti. Kabine, yerel konseylerin \u00e7al\u0131\u015fmalar\u0131nda ademi &hellip;<\/p>\n","protected":false},"author":1,"featured_media":249761,"comment_status":"closed","ping_status":"closed","sticky":false,"template":"","format":"standard","meta":{"footnotes":""},"categories":[479,17988,478],"tags":[],"class_list":["post-249760","post","type-post","status-publish","format-standard","has-post-thumbnail","","category-haberler-yerel","category-son-haberler","category-yerel"],"_links":{"self":[{"href":"https:\/\/archive.sana.sy\/tr\/index.php?rest_route=\/wp\/v2\/posts\/249760","targetHints":{"allow":["GET"]}}],"collection":[{"href":"https:\/\/archive.sana.sy\/tr\/index.php?rest_route=\/wp\/v2\/posts"}],"about":[{"href":"https:\/\/archive.sana.sy\/tr\/index.php?rest_route=\/wp\/v2\/types\/post"}],"author":[{"embeddable":true,"href":"https:\/\/archive.sana.sy\/tr\/index.php?rest_route=\/wp\/v2\/users\/1"}],"replies":[{"embeddable":true,"href":"https:\/\/archive.sana.sy\/tr\/index.php?rest_route=%2Fwp%2Fv2%2Fcomments&post=249760"}],"version-history":[{"count":0,"href":"https:\/\/archive.sana.sy\/tr\/index.php?rest_route=\/wp\/v2\/posts\/249760\/revisions"}],"wp:featuredmedia":[{"embeddable":true,"href":"https:\/\/archive.sana.sy\/tr\/index.php?rest_route=\/wp\/v2\/media\/249761"}],"wp:attachment":[{"href":"https:\/\/archive.sana.sy\/tr\/index.php?rest_route=%2Fwp%2Fv2%2Fmedia&parent=249760"}],"wp:term":[{"taxonomy":"category","embeddable":true,"href":"https:\/\/archive.sana.sy\/tr\/index.php?rest_route=%2Fwp%2Fv2%2Fcategories&post=249760"},{"taxonomy":"post_tag","embeddable":true,"href":"https:\/\/archive.sana.sy\/tr\/index.php?rest_route=%2Fwp%2Fv2%2Ftags&post=249760"}],"curies":[{"name":"wp","href":"https:\/\/api.w.org\/{rel}","templated":true}]}}