{"id":24979,"date":"2015-02-26T18:25:41","date_gmt":"2015-02-26T16:25:41","guid":{"rendered":"http:\/\/www.sana.sy\/tr\/?p=24979"},"modified":"2015-02-27T16:24:54","modified_gmt":"2015-02-27T14:24:54","slug":"maktin-tutuklanmasi-isgal-guclerinin-ardi-arkasi-kesilmeyen-suclarindan-biridir","status":"publish","type":"post","link":"https:\/\/archive.sana.sy\/tr\/?p=24979","title":{"rendered":"Makt\u2019\u0131n Tutuklanmas\u0131 \u0130\u015fgal G\u00fc\u00e7lerinin Ard\u0131 Arkas\u0131 Kesilmeyen Su\u00e7lar\u0131ndan Biridir"},"content":{"rendered":"<p>\u015eAM \u2013 D\u0131\u015fi\u015fleri ve Gurbet\u00e7iler Bakanl\u0131\u011f\u0131 bug\u00fcn G\u00fcvenlik Konseyi Ba\u015fkan\u0131, \u0130nsan Haklar\u0131 Komisyonu Ba\u015fkan\u0131 ve \u0130nsan Haklar\u0131 Y\u00fcksek Konseyi Temsilcisine, \u0130srail \u0130\u015fgalinin direni\u015f\u00e7i S\u0131tk\u0131 el Makt\u2019\u0131 tekrar tutuklamas\u0131yla ilgili mektup g\u00f6nderdi.<\/p>\n<p>Bir n\u00fcshas\u0131 SANA\u2019ya ula\u015ft\u0131r\u0131lan mektuplarda \u0130srail i\u015fgal g\u00fc\u00e7lerinin, 25 \u015eubat \u00c7ar\u015famba g\u00fcn\u00fc Direni\u015f\u00e7i S\u0131tk\u0131 el Makt\u2019\u0131 yeniden tutuklam\u0131\u015f olduklar\u0131 ifade edilerek Makt\u2019\u0131n daha \u00f6nce hi\u00e7bir hukuki gerek\u00e7e g\u00f6sterilmeden 27 y\u0131l boyunca i\u015fgal hapishanelerinde tutuldu\u011fu belirtildi.<\/p>\n<p>\u0130\u015fgal kuvvetlerinin gece saatlerinde i\u015fgal alt\u0131ndaki Golan topraklar\u0131n\u0131n Mecd el \u015eems k\u00f6y\u00fcnde bulunan Makt\u2019\u0131n ailesinin evini basarak arama gerek\u00e7esiyle da\u011f\u0131tt\u0131klar\u0131 ifade edilen mektuplarda, i\u015fgalcilerin hi\u00e7bir hukuki gerek\u00e7e g\u00f6stermeden evde bulunan herkesin cep telefonuna el koyduklar\u0131 ayr\u0131nt\u0131s\u0131na yer verildi.<\/p>\n<p>Suriye Arap Cumhuriyeti\u2019nin el Makt ve ailesine kar\u015f\u0131 i\u015fgal kuvvetleri taraf\u0131ndan yap\u0131lanlar\u0131, i\u015fgal kuvvetlerin ard\u0131 arkas\u0131 kesilmeyen su\u00e7lar\u0131ndan biri olarak nitelendirdi\u011fine dikkat \u00e7ekilen mektuplarda, i\u015fgal g\u00fc\u00e7lerinin 47 y\u0131ld\u0131r insan haklar\u0131 ihlallerini s\u00fcrd\u00fcrd\u00fckleri vurguland\u0131.<\/p>\n<p>Suriye Cumhuriyeti\u2019nin BM Genel Sekreteri, G\u00fcvenlik Konseyi Ba\u015fkan\u0131 ve \u0130nsan Haklar\u0131 Komiserli\u011fine insan haklar\u0131n\u0131 savunma \u00e7a\u011fr\u0131s\u0131n\u0131 yineledi\u011fi vurgulanan mektuplarda, ka\u00e7\u0131r\u0131larak tutuklanan Makt ve i\u015fgal hapishanelerinde bulunan b\u00fct\u00fcn Suriyeli tutsaklar\u0131n derhal serbest b\u0131rak\u0131lmas\u0131 talep edildi.<\/p>\n<p>Suriye Cumhuriyetinin, BM ve G\u00fcvenlik Konseyinden, \u0130\u015fgalin Golan Topraklar\u0131ndan tamamen \u00e7ekilmesine ili\u015fkin kararlar\u0131n\u0131n uygulanmas\u0131 i\u00e7in gerekli icraatlar\u0131 al\u0131nmas\u0131 y\u00f6n\u00fcndeki talebinin yinelendi\u011fi mektuplarda, \u0130srail\u2019in uluslararas\u0131 kanun ve kararlarla birlikte insan haklar\u0131na y\u00f6nelik ihlallerinin s\u00fcreklili\u011fine dikkat \u00e7ekildi.<\/p>\n<p>F.B. &#8211; M.M.<\/p>\n","protected":false},"excerpt":{"rendered":"<p>\u015eAM \u2013 D\u0131\u015fi\u015fleri ve Gurbet\u00e7iler Bakanl\u0131\u011f\u0131 bug\u00fcn G\u00fcvenlik Konseyi Ba\u015fkan\u0131, \u0130nsan Haklar\u0131 Komisyonu Ba\u015fkan\u0131 ve \u0130nsan Haklar\u0131 Y\u00fcksek Konseyi Temsilcisine, \u0130srail \u0130\u015fgalinin direni\u015f\u00e7i S\u0131tk\u0131 el Makt\u2019\u0131 tekrar tutuklamas\u0131yla ilgili mektup g\u00f6nderdi. Bir n\u00fcshas\u0131 SANA\u2019ya ula\u015ft\u0131r\u0131lan mektuplarda \u0130srail i\u015fgal g\u00fc\u00e7lerinin, 25 \u015eubat \u00c7ar\u015famba g\u00fcn\u00fc Direni\u015f\u00e7i S\u0131tk\u0131 el Makt\u2019\u0131 yeniden tutuklam\u0131\u015f olduklar\u0131 ifade edilerek Makt\u2019\u0131n daha \u00f6nce &hellip;<\/p>\n","protected":false},"author":1,"featured_media":23942,"comment_status":"closed","ping_status":"closed","sticky":false,"template":"","format":"standard","meta":{"footnotes":""},"categories":[479,478],"tags":[11899,11900,11897,11898],"class_list":["post-24979","post","type-post","status-publish","format-standard","has-post-thumbnail","","category-haberler-yerel","category-yerel","tag-insan-haklari-komisyonu-baskani-ve-insan-haklari-yuksek-konseyi-temsilcisine","tag-israil-isgalinin-direnisci-sitki-el-makti-tekrar-tutuklamasiyla-ilgili-mektup-gonderdi","tag-maktin-tutuklanmasi-isgal-guclerinin-ardi-arkasi-kesilmeyen-suclarindan-biridir","tag-sam-disisleri-ve-gurbetciler-bakanligi-bugun-guvenlik-konseyi-baskani"],"_links":{"self":[{"href":"https:\/\/archive.sana.sy\/tr\/index.php?rest_route=\/wp\/v2\/posts\/24979","targetHints":{"allow":["GET"]}}],"collection":[{"href":"https:\/\/archive.sana.sy\/tr\/index.php?rest_route=\/wp\/v2\/posts"}],"about":[{"href":"https:\/\/archive.sana.sy\/tr\/index.php?rest_route=\/wp\/v2\/types\/post"}],"author":[{"embeddable":true,"href":"https:\/\/archive.sana.sy\/tr\/index.php?rest_route=\/wp\/v2\/users\/1"}],"replies":[{"embeddable":true,"href":"https:\/\/archive.sana.sy\/tr\/index.php?rest_route=%2Fwp%2Fv2%2Fcomments&post=24979"}],"version-history":[{"count":0,"href":"https:\/\/archive.sana.sy\/tr\/index.php?rest_route=\/wp\/v2\/posts\/24979\/revisions"}],"wp:featuredmedia":[{"embeddable":true,"href":"https:\/\/archive.sana.sy\/tr\/index.php?rest_route=\/wp\/v2\/media\/23942"}],"wp:attachment":[{"href":"https:\/\/archive.sana.sy\/tr\/index.php?rest_route=%2Fwp%2Fv2%2Fmedia&parent=24979"}],"wp:term":[{"taxonomy":"category","embeddable":true,"href":"https:\/\/archive.sana.sy\/tr\/index.php?rest_route=%2Fwp%2Fv2%2Fcategories&post=24979"},{"taxonomy":"post_tag","embeddable":true,"href":"https:\/\/archive.sana.sy\/tr\/index.php?rest_route=%2Fwp%2Fv2%2Ftags&post=24979"}],"curies":[{"name":"wp","href":"https:\/\/api.w.org\/{rel}","templated":true}]}}