{"id":249795,"date":"2022-02-09T10:23:50","date_gmt":"2022-02-09T08:23:50","guid":{"rendered":"http:\/\/107.6.182.27\/tr\/?p=249795"},"modified":"2022-02-10T08:14:22","modified_gmt":"2022-02-10T06:14:22","slug":"rus-savunmasi-suriyedeki-teror-saldirilari-konusunda-uyardi","status":"publish","type":"post","link":"https:\/\/archive.sana.sy\/tr\/?p=249795","title":{"rendered":"Rus Savunmas\u0131, Suriye&#8217;deki Ter\u00f6r Sald\u0131r\u0131lar\u0131 Konusunda Uyard\u0131"},"content":{"rendered":"<p>MOSKOVA \u2013 Rusya Savunma Bakanl\u0131\u011f\u0131, ter\u00f6r \u00f6rg\u00fctleri liderlerinin Suriye&#8217;de ter\u00f6r operasyonlar\u0131 d\u00fczenlemek i\u00e7in planlad\u0131klar\u0131 sald\u0131r\u0131lar konusunda uyard\u0131.<\/p>\n<p>Hmeymim \u00fcss\u00fcndeki Rusya Koordinasyon Merkezi Ba\u015fkan Yard\u0131mc\u0131s\u0131 Tu\u011famiral Oleg Zhuravlev yapt\u0131\u011f\u0131 a\u00e7\u0131klamada, merkeze ula\u015fan bilgilerin ter\u00f6r \u00f6rg\u00fctlerinin liderlerinin Suriye&#8217;deki &#8220;\u00e7al\u0131\u015fanlar\u0131 ve tesisleri&#8221; hedef alan ter\u00f6r operasyonlar\u0131 d\u00fczenlemeyi planlad\u0131\u011f\u0131n\u0131 g\u00f6sterdi\u011fini belirtti.<\/p>\n<p>\u0130lgili bir ba\u011flamda Zhuravlev, Amerikan i\u015fgal g\u00fc\u00e7lerinin Suriye&#8217;deki faaliyetlerinin \u00fclkedeki durumu olumsuz etkilemeye devam etti\u011fini, \u00e7\u00fcnk\u00fc onlar taraf\u0131ndan desteklenen silahl\u0131 milislerin konu\u015fland\u0131r\u0131ld\u0131\u011f\u0131 b\u00f6lgelerde g\u00fcvenlik ko\u015fullar\u0131n\u0131n kritik oldu\u011funu vurgulad\u0131.<\/p>\n<p>Zhuravlev, &#8220;Son \u00fc\u00e7 g\u00fcn, bu b\u00f6lgelerde 10 ter\u00f6rist sald\u0131r\u0131 ve sabotaj operasyonuna tan\u0131k oldu, 18 ki\u015fiyi \u00f6ld\u00fcrd\u00fc ve 25 ki\u015fiyi yaralad\u0131.&#8221; dedi.<\/p>\n","protected":false},"excerpt":{"rendered":"<p>MOSKOVA \u2013 Rusya Savunma Bakanl\u0131\u011f\u0131, ter\u00f6r \u00f6rg\u00fctleri liderlerinin Suriye&#8217;de ter\u00f6r operasyonlar\u0131 d\u00fczenlemek i\u00e7in planlad\u0131klar\u0131 sald\u0131r\u0131lar konusunda uyard\u0131. Hmeymim \u00fcss\u00fcndeki Rusya Koordinasyon Merkezi Ba\u015fkan Yard\u0131mc\u0131s\u0131 Tu\u011famiral Oleg Zhuravlev yapt\u0131\u011f\u0131 a\u00e7\u0131klamada, merkeze ula\u015fan bilgilerin ter\u00f6r \u00f6rg\u00fctlerinin liderlerinin Suriye&#8217;deki &#8220;\u00e7al\u0131\u015fanlar\u0131 ve tesisleri&#8221; hedef alan ter\u00f6r operasyonlar\u0131 d\u00fczenlemeyi planlad\u0131\u011f\u0131n\u0131 g\u00f6sterdi\u011fini belirtti. \u0130lgili bir ba\u011flamda Zhuravlev, Amerikan i\u015fgal g\u00fc\u00e7lerinin Suriye&#8217;deki &hellip;<\/p>\n","protected":false},"author":36,"featured_media":249796,"comment_status":"closed","ping_status":"closed","sticky":false,"template":"","format":"standard","meta":{"footnotes":""},"categories":[458,459,17988],"tags":[],"class_list":["post-249795","post","type-post","status-publish","format-standard","has-post-thumbnail","","category-dunya1","category-haberler-arap-uluslararasi-politika","category-son-haberler"],"_links":{"self":[{"href":"https:\/\/archive.sana.sy\/tr\/index.php?rest_route=\/wp\/v2\/posts\/249795","targetHints":{"allow":["GET"]}}],"collection":[{"href":"https:\/\/archive.sana.sy\/tr\/index.php?rest_route=\/wp\/v2\/posts"}],"about":[{"href":"https:\/\/archive.sana.sy\/tr\/index.php?rest_route=\/wp\/v2\/types\/post"}],"author":[{"embeddable":true,"href":"https:\/\/archive.sana.sy\/tr\/index.php?rest_route=\/wp\/v2\/users\/36"}],"replies":[{"embeddable":true,"href":"https:\/\/archive.sana.sy\/tr\/index.php?rest_route=%2Fwp%2Fv2%2Fcomments&post=249795"}],"version-history":[{"count":0,"href":"https:\/\/archive.sana.sy\/tr\/index.php?rest_route=\/wp\/v2\/posts\/249795\/revisions"}],"wp:featuredmedia":[{"embeddable":true,"href":"https:\/\/archive.sana.sy\/tr\/index.php?rest_route=\/wp\/v2\/media\/249796"}],"wp:attachment":[{"href":"https:\/\/archive.sana.sy\/tr\/index.php?rest_route=%2Fwp%2Fv2%2Fmedia&parent=249795"}],"wp:term":[{"taxonomy":"category","embeddable":true,"href":"https:\/\/archive.sana.sy\/tr\/index.php?rest_route=%2Fwp%2Fv2%2Fcategories&post=249795"},{"taxonomy":"post_tag","embeddable":true,"href":"https:\/\/archive.sana.sy\/tr\/index.php?rest_route=%2Fwp%2Fv2%2Ftags&post=249795"}],"curies":[{"name":"wp","href":"https:\/\/api.w.org\/{rel}","templated":true}]}}