{"id":24981,"date":"2015-02-26T19:04:53","date_gmt":"2015-02-26T17:04:53","guid":{"rendered":"http:\/\/www.sana.sy\/tr\/?p=24981"},"modified":"2015-02-26T19:04:53","modified_gmt":"2015-02-26T17:04:53","slug":"kibris-cumhuriyeti-turkiyenin-suriye-topraklarini-ihlalini-siddetle-kiniyor","status":"publish","type":"post","link":"https:\/\/archive.sana.sy\/tr\/?p=24981","title":{"rendered":"K\u0131br\u0131s Cumhuriyeti T\u00fcrkiye\u2019nin Suriye Topraklar\u0131n\u0131 \u0130hlalini \u015eiddetle K\u0131n\u0131yor"},"content":{"rendered":"<p>MOSKOVA \u2013 K\u0131br\u0131s Cumhuriyeti Ba\u015fkan\u0131 Nikos Anastasiadis, T\u00fcrkiye\u2019nin Suriye topraklar\u0131na kar\u015f\u0131 i\u015flemi\u015f oldu\u011fu ihlali ve a\u015fa\u011f\u0131l\u0131k sald\u0131r\u0131y\u0131 \u015fiddetle k\u0131nayarak \u00fclkesinin, Suriye&#8217;nin ulusal ba\u011f\u0131ms\u0131zl\u0131k ve egemenli\u011fini savunmas\u0131n\u0131 destekledi\u011fini belirtti.<\/p>\n<p>Anastasiadis, Moskova\u2019da d\u00fczenledi\u011fi bas\u0131n konferans\u0131 s\u0131ras\u0131nda SANA muhabirinin sorusuna cevaben, K\u0131br\u0131s Cumhuriyetinin, kati bir \u015fekilde iki y\u00fczl\u00fc politikalar\u0131n kar\u015f\u0131s\u0131nda oldu\u011funu dile getirerek \u00fclkesinin, T\u00fcrkiye\u2019nin Suriye topraklar\u0131na kar\u015f\u0131 i\u015flemi\u015f oldu\u011fu askeri ihlali \u015fiddetle k\u0131nad\u0131\u011f\u0131n\u0131 vurgulad\u0131.<\/p>\n<p>T\u00fcrkiye\u2019nin 40 y\u0131l \u00f6nce de K\u0131br\u0131s Cumhuriyetinin ba\u011f\u0131ms\u0131zl\u0131k ve egemenli\u011fini ihlal etti\u011fini hat\u0131rlatan Anastasiadis; Avrupa Birli\u011fi \u00fcyesi kimi devletlerin T\u00fcrkiye\u2019nin Suriye topraklar\u0131n\u0131 ihlal etmesi ile ilgili ikiy\u00fczl\u00fc bir politika izlemelerinin \u00fcz\u00fcnt\u00fc verici oldu\u011funu belirtti.<\/p>\n<p>\u00dclkesinin, Suriye&#8217;nin ulusal egemenlik ve ba\u011f\u0131ms\u0131zl\u0131\u011f\u0131n\u0131 koruma tutumunu destekledi\u011finin alt\u0131n\u0131 \u00e7izen Anastasiadis; devletlerin ulusal egemenlik ve ba\u011f\u0131ms\u0131zl\u0131klar\u0131na sayg\u0131 duyulmas\u0131n\u0131n BM Misak\u0131 ilkeleri aras\u0131nda yer ald\u0131\u011f\u0131n\u0131 vurgulad\u0131.<\/p>\n<p>F.B. &#8211; M.M.<\/p>\n","protected":false},"excerpt":{"rendered":"<p>MOSKOVA \u2013 K\u0131br\u0131s Cumhuriyeti Ba\u015fkan\u0131 Nikos Anastasiadis, T\u00fcrkiye\u2019nin Suriye topraklar\u0131na kar\u015f\u0131 i\u015flemi\u015f oldu\u011fu ihlali ve a\u015fa\u011f\u0131l\u0131k sald\u0131r\u0131y\u0131 \u015fiddetle k\u0131nayarak \u00fclkesinin, Suriye&#8217;nin ulusal ba\u011f\u0131ms\u0131zl\u0131k ve egemenli\u011fini savunmas\u0131n\u0131 destekledi\u011fini belirtti. Anastasiadis, Moskova\u2019da d\u00fczenledi\u011fi bas\u0131n konferans\u0131 s\u0131ras\u0131nda SANA muhabirinin sorusuna cevaben, K\u0131br\u0131s Cumhuriyetinin, kati bir \u015fekilde iki y\u00fczl\u00fc politikalar\u0131n kar\u015f\u0131s\u0131nda oldu\u011funu dile getirerek \u00fclkesinin, T\u00fcrkiye\u2019nin Suriye topraklar\u0131na kar\u015f\u0131 &hellip;<\/p>\n","protected":false},"author":1,"featured_media":24983,"comment_status":"closed","ping_status":"closed","sticky":false,"template":"","format":"standard","meta":{"footnotes":""},"categories":[458,459,447,2554,2555],"tags":[11901,11902,11904,11903],"class_list":["post-24981","post","type-post","status-publish","format-standard","has-post-thumbnail","","category-dunya1","category-haberler-arap-uluslararasi-politika","category-politika","category-suriye-ve-dunya","category-suriye-ve-turkiye","tag-kibris-cumhuriyeti-turkiyenin-suriye-topraklarini-ihlalini-siddetle-kiniyor","tag-moskova-kibris-cumhuriyeti-baskani-nikos-anastasiadis","tag-suriyenin-ulusal-bagimsizlik-ve-egemenligini-savunmasini-destekledigini-belirtti","tag-turkiyenin-suriye-topraklarina-karsi-islemis-oldugu-ihlali-ve-asagilik-saldiriyi-siddetle-kinayarak-ulkesinin"],"_links":{"self":[{"href":"https:\/\/archive.sana.sy\/tr\/index.php?rest_route=\/wp\/v2\/posts\/24981","targetHints":{"allow":["GET"]}}],"collection":[{"href":"https:\/\/archive.sana.sy\/tr\/index.php?rest_route=\/wp\/v2\/posts"}],"about":[{"href":"https:\/\/archive.sana.sy\/tr\/index.php?rest_route=\/wp\/v2\/types\/post"}],"author":[{"embeddable":true,"href":"https:\/\/archive.sana.sy\/tr\/index.php?rest_route=\/wp\/v2\/users\/1"}],"replies":[{"embeddable":true,"href":"https:\/\/archive.sana.sy\/tr\/index.php?rest_route=%2Fwp%2Fv2%2Fcomments&post=24981"}],"version-history":[{"count":0,"href":"https:\/\/archive.sana.sy\/tr\/index.php?rest_route=\/wp\/v2\/posts\/24981\/revisions"}],"wp:featuredmedia":[{"embeddable":true,"href":"https:\/\/archive.sana.sy\/tr\/index.php?rest_route=\/wp\/v2\/media\/24983"}],"wp:attachment":[{"href":"https:\/\/archive.sana.sy\/tr\/index.php?rest_route=%2Fwp%2Fv2%2Fmedia&parent=24981"}],"wp:term":[{"taxonomy":"category","embeddable":true,"href":"https:\/\/archive.sana.sy\/tr\/index.php?rest_route=%2Fwp%2Fv2%2Fcategories&post=24981"},{"taxonomy":"post_tag","embeddable":true,"href":"https:\/\/archive.sana.sy\/tr\/index.php?rest_route=%2Fwp%2Fv2%2Ftags&post=24981"}],"curies":[{"name":"wp","href":"https:\/\/api.w.org\/{rel}","templated":true}]}}