{"id":249826,"date":"2022-02-09T19:24:07","date_gmt":"2022-02-09T17:24:07","guid":{"rendered":"http:\/\/107.6.182.27\/tr\/?p=249826"},"modified":"2022-02-10T08:13:17","modified_gmt":"2022-02-10T06:13:17","slug":"hasekedeki-kabile-konseyi-amerikan-isgal-gucleri-tarafindan-universite-tesislerinin-yikimini","status":"publish","type":"post","link":"https:\/\/archive.sana.sy\/tr\/?p=249826","title":{"rendered":"Haseke&#8217;deki Kabile Konseyi, Amerikan \u0130\u015fgal G\u00fc\u00e7leri Taraf\u0131ndan \u00dcniversite Tesislerinin Y\u0131k\u0131m\u0131n\u0131"},"content":{"rendered":"<p style=\"text-align: justify;\">HASEKE \u2013 Haseke\u2019deki Suriyeli a\u015firet \u015feyhleri konseyi, ABD i\u015fgal g\u00fc\u00e7leri ve onlara ba\u011fl\u0131 \u201cDSG\u201d milislerinin Haseke&#8217;deki \u00fcniversite kolej binalar\u0131n\u0131 tahrip etmesini, i\u00e7eriklerini ve malzemelerini ya\u011fmalamas\u0131n\u0131 ve Ziraat Fak\u00fcltesi&#8217;ndeki s\u0131navlar\u0131 aksatmas\u0131n\u0131 k\u0131nad\u0131.<\/p>\n<p style=\"text-align: justify;\">Konsey bug\u00fcn yay\u0131nlad\u0131\u011f\u0131 beyanda, ter\u00f6rizmin s\u00f6m\u00fcr\u00fclmesi \u00e7er\u00e7evesinde, Amerikan i\u015fgalcinin Ekonomi Koleji ve \u0130n\u015faat M\u00fchendisli\u011fi Koleji taraf\u0131ndan temsil edilen bilimsel yap\u0131lar\u0131 tahrip etti\u011fini belirtti. Beyan, bunun, karde\u015flik ve sevgi adas\u0131nda e\u011fitimi ve s\u0131navlar\u0131 aksatt\u0131 ve sosyal yelpazenin her yerinden \u00f6\u011frencilerimize zarar verdi\u011fini ekledi.<\/p>\n<p style=\"text-align: justify;\">Konsey, ilin t\u00fcm onurlu insanlar\u0131na \u201cil \u00f6\u011frencilerini, DSG milislerine kar\u015f\u0131 sesini y\u00fckseltmeye ve kolejlerden ve okullardan elini kald\u0131rmaya \u00e7a\u011f\u0131rarak desteklemeye\u201d \u00e7a\u011f\u0131r\u0131da bulunurken, \u201cE\u011fitim hakk\u0131n\u0131n gasp edilmesi, gen\u00e7 nesillerimizin gelece\u011fini yok etti\u011fi, milleti imar ve imar sava\u015f\u0131nda ihtiyac\u0131 olan gelece\u011fin kadrolar\u0131ndan mahrum b\u0131rakt\u0131\u011f\u0131 i\u00e7in devam etmemesi gereken bir su\u00e7tur\u201d diye dikkat \u00e7ekti.<\/p>\n<p style=\"text-align: justify;\">Konsey ayr\u0131ca, ilgili uluslararas\u0131 kurulu\u015flara, Amerikal\u0131 i\u015fgalci taraf\u0131ndan kendilerine dikte edilen \u201cDSG\u201d milislerinin b\u00f6lge halk\u0131na cehaletlerini empoze etmeye ve onlar\u0131 paral\u0131 asker ve silah ta\u015f\u0131y\u0131c\u0131lar\u0131na d\u00f6n\u00fc\u015ft\u00fcrmeye y\u00f6nelik tedbirlerini durdurmaya \u00e7a\u011f\u0131rd\u0131.<\/p>\n<p style=\"text-align: justify;\">P.M.<\/p>\n","protected":false},"excerpt":{"rendered":"<p>HASEKE \u2013 Haseke\u2019deki Suriyeli a\u015firet \u015feyhleri konseyi, ABD i\u015fgal g\u00fc\u00e7leri ve onlara ba\u011fl\u0131 \u201cDSG\u201d milislerinin Haseke&#8217;deki \u00fcniversite kolej binalar\u0131n\u0131 tahrip etmesini, i\u00e7eriklerini ve malzemelerini ya\u011fmalamas\u0131n\u0131 ve Ziraat Fak\u00fcltesi&#8217;ndeki s\u0131navlar\u0131 aksatmas\u0131n\u0131 k\u0131nad\u0131. Konsey bug\u00fcn yay\u0131nlad\u0131\u011f\u0131 beyanda, ter\u00f6rizmin s\u00f6m\u00fcr\u00fclmesi \u00e7er\u00e7evesinde, Amerikan i\u015fgalcinin Ekonomi Koleji ve \u0130n\u015faat M\u00fchendisli\u011fi Koleji taraf\u0131ndan temsil edilen bilimsel yap\u0131lar\u0131 tahrip etti\u011fini belirtti. Beyan, &hellip;<\/p>\n","protected":false},"author":1,"featured_media":249827,"comment_status":"closed","ping_status":"closed","sticky":false,"template":"","format":"standard","meta":{"footnotes":""},"categories":[479,575,17988,478],"tags":[],"class_list":["post-249826","post","type-post","status-publish","format-standard","has-post-thumbnail","","category-haberler-yerel","category-olaylar-ve-gercekler","category-son-haberler","category-yerel"],"_links":{"self":[{"href":"https:\/\/archive.sana.sy\/tr\/index.php?rest_route=\/wp\/v2\/posts\/249826","targetHints":{"allow":["GET"]}}],"collection":[{"href":"https:\/\/archive.sana.sy\/tr\/index.php?rest_route=\/wp\/v2\/posts"}],"about":[{"href":"https:\/\/archive.sana.sy\/tr\/index.php?rest_route=\/wp\/v2\/types\/post"}],"author":[{"embeddable":true,"href":"https:\/\/archive.sana.sy\/tr\/index.php?rest_route=\/wp\/v2\/users\/1"}],"replies":[{"embeddable":true,"href":"https:\/\/archive.sana.sy\/tr\/index.php?rest_route=%2Fwp%2Fv2%2Fcomments&post=249826"}],"version-history":[{"count":0,"href":"https:\/\/archive.sana.sy\/tr\/index.php?rest_route=\/wp\/v2\/posts\/249826\/revisions"}],"wp:featuredmedia":[{"embeddable":true,"href":"https:\/\/archive.sana.sy\/tr\/index.php?rest_route=\/wp\/v2\/media\/249827"}],"wp:attachment":[{"href":"https:\/\/archive.sana.sy\/tr\/index.php?rest_route=%2Fwp%2Fv2%2Fmedia&parent=249826"}],"wp:term":[{"taxonomy":"category","embeddable":true,"href":"https:\/\/archive.sana.sy\/tr\/index.php?rest_route=%2Fwp%2Fv2%2Fcategories&post=249826"},{"taxonomy":"post_tag","embeddable":true,"href":"https:\/\/archive.sana.sy\/tr\/index.php?rest_route=%2Fwp%2Fv2%2Ftags&post=249826"}],"curies":[{"name":"wp","href":"https:\/\/api.w.org\/{rel}","templated":true}]}}