{"id":249843,"date":"2022-02-10T10:52:39","date_gmt":"2022-02-10T08:52:39","guid":{"rendered":"http:\/\/107.6.182.27\/tr\/?p=249843"},"modified":"2022-02-12T09:28:27","modified_gmt":"2022-02-12T07:28:27","slug":"el-sabha-cozum-merkezinde-3232-kisinin-durumu-duzeltildi","status":"publish","type":"post","link":"https:\/\/archive.sana.sy\/tr\/?p=249843","title":{"rendered":"EL Sabha \u00c7\u00f6z\u00fcm Merkezinde 3232 ki\u015finin Durumu D\u00fczeltildi"},"content":{"rendered":"<p>RAKKA \u2013 El Rakka SANA muhabiri, El Sabha merkezindeki uzla\u015fma s\u00fcrecine 3232 ki\u015finin kat\u0131ld\u0131\u011f\u0131n\u0131 belirtti.<\/p>\n<p>Muhabir ayr\u0131ca, valili\u011fin k\u0131rsal\u0131ndaki El Sabha merkezindeki yetkili makamlar\u0131n, valilikteki kapsaml\u0131 uzla\u015fma s\u00fcrecinin ba\u015flamas\u0131ndan 27 g\u00fcn sonra 3.232 ki\u015finin durumunu d\u00fczeltti\u011fine i\u015faret etti.<\/p>\n","protected":false},"excerpt":{"rendered":"<p>RAKKA \u2013 El Rakka SANA muhabiri, El Sabha merkezindeki uzla\u015fma s\u00fcrecine 3232 ki\u015finin kat\u0131ld\u0131\u011f\u0131n\u0131 belirtti. Muhabir ayr\u0131ca, valili\u011fin k\u0131rsal\u0131ndaki El Sabha merkezindeki yetkili makamlar\u0131n, valilikteki kapsaml\u0131 uzla\u015fma s\u00fcrecinin ba\u015flamas\u0131ndan 27 g\u00fcn sonra 3.232 ki\u015finin durumunu d\u00fczeltti\u011fine i\u015faret etti.<\/p>\n","protected":false},"author":36,"featured_media":249844,"comment_status":"closed","ping_status":"closed","sticky":false,"template":"","format":"standard","meta":{"footnotes":""},"categories":[479,17988,478],"tags":[],"class_list":["post-249843","post","type-post","status-publish","format-standard","has-post-thumbnail","","category-haberler-yerel","category-son-haberler","category-yerel"],"_links":{"self":[{"href":"https:\/\/archive.sana.sy\/tr\/index.php?rest_route=\/wp\/v2\/posts\/249843","targetHints":{"allow":["GET"]}}],"collection":[{"href":"https:\/\/archive.sana.sy\/tr\/index.php?rest_route=\/wp\/v2\/posts"}],"about":[{"href":"https:\/\/archive.sana.sy\/tr\/index.php?rest_route=\/wp\/v2\/types\/post"}],"author":[{"embeddable":true,"href":"https:\/\/archive.sana.sy\/tr\/index.php?rest_route=\/wp\/v2\/users\/36"}],"replies":[{"embeddable":true,"href":"https:\/\/archive.sana.sy\/tr\/index.php?rest_route=%2Fwp%2Fv2%2Fcomments&post=249843"}],"version-history":[{"count":0,"href":"https:\/\/archive.sana.sy\/tr\/index.php?rest_route=\/wp\/v2\/posts\/249843\/revisions"}],"wp:featuredmedia":[{"embeddable":true,"href":"https:\/\/archive.sana.sy\/tr\/index.php?rest_route=\/wp\/v2\/media\/249844"}],"wp:attachment":[{"href":"https:\/\/archive.sana.sy\/tr\/index.php?rest_route=%2Fwp%2Fv2%2Fmedia&parent=249843"}],"wp:term":[{"taxonomy":"category","embeddable":true,"href":"https:\/\/archive.sana.sy\/tr\/index.php?rest_route=%2Fwp%2Fv2%2Fcategories&post=249843"},{"taxonomy":"post_tag","embeddable":true,"href":"https:\/\/archive.sana.sy\/tr\/index.php?rest_route=%2Fwp%2Fv2%2Ftags&post=249843"}],"curies":[{"name":"wp","href":"https:\/\/api.w.org\/{rel}","templated":true}]}}