{"id":249847,"date":"2022-02-10T09:15:56","date_gmt":"2022-02-10T07:15:56","guid":{"rendered":"http:\/\/107.6.182.27\/tr\/?p=249847"},"modified":"2022-02-11T08:44:33","modified_gmt":"2022-02-11T06:44:33","slug":"israil-isgal-gucleri-bati-yakada-10-filistinliyi-tutukladi-2","status":"publish","type":"post","link":"https:\/\/archive.sana.sy\/tr\/?p=249847","title":{"rendered":"\u0130srail \u0130\u015fgal G\u00fc\u00e7leri, Bat\u0131 Yaka\u2019da 10 Filistinliyi Tutuklad\u0131"},"content":{"rendered":"<p>\u0130\u015eGAL ALTINDAK\u0130 KUD\u00dcS \u00a0\u2013 \u0130srail i\u015fgal g\u00fc\u00e7leri, Bat\u0131 Yaka\u2019da aralar\u0131nda 2 \u00e7ocuk da bulundu\u011fu 10 Filistinliyi tutuklad\u0131.<\/p>\n<p>WAFA Haber Ajans\u0131, \u0130srail i\u015fgal g\u00fc\u00e7lerinin, i\u015fgal alt\u0131ndaki Kud\u00fcs\u2019te Ras El Amuda mahallesi ve Anata beldesi, Beyt Lahm\u2019daki El Hidir, Ramallah\u2019taki Kafar Name ve Nablus\u2019teki Barka beldelerine bask\u0131n d\u00fczenledi\u011fini belirtirken, aralar\u0131nda 2 \u00e7ocu\u011fun da bulundu\u011fu 10 dilistinliyi tutuklad\u0131\u011f\u0131na i\u015faret etti.<\/p>\n","protected":false},"excerpt":{"rendered":"<p>\u0130\u015eGAL ALTINDAK\u0130 KUD\u00dcS \u00a0\u2013 \u0130srail i\u015fgal g\u00fc\u00e7leri, Bat\u0131 Yaka\u2019da aralar\u0131nda 2 \u00e7ocuk da bulundu\u011fu 10 Filistinliyi tutuklad\u0131. WAFA Haber Ajans\u0131, \u0130srail i\u015fgal g\u00fc\u00e7lerinin, i\u015fgal alt\u0131ndaki Kud\u00fcs\u2019te Ras El Amuda mahallesi ve Anata beldesi, Beyt Lahm\u2019daki El Hidir, Ramallah\u2019taki Kafar Name ve Nablus\u2019teki Barka beldelerine bask\u0131n d\u00fczenledi\u011fini belirtirken, aralar\u0131nda 2 \u00e7ocu\u011fun da bulundu\u011fu 10 dilistinliyi tutuklad\u0131\u011f\u0131na &hellip;<\/p>\n","protected":false},"author":36,"featured_media":249848,"comment_status":"closed","ping_status":"closed","sticky":false,"template":"","format":"standard","meta":{"footnotes":""},"categories":[458,459,17988],"tags":[],"class_list":["post-249847","post","type-post","status-publish","format-standard","has-post-thumbnail","","category-dunya1","category-haberler-arap-uluslararasi-politika","category-son-haberler"],"_links":{"self":[{"href":"https:\/\/archive.sana.sy\/tr\/index.php?rest_route=\/wp\/v2\/posts\/249847","targetHints":{"allow":["GET"]}}],"collection":[{"href":"https:\/\/archive.sana.sy\/tr\/index.php?rest_route=\/wp\/v2\/posts"}],"about":[{"href":"https:\/\/archive.sana.sy\/tr\/index.php?rest_route=\/wp\/v2\/types\/post"}],"author":[{"embeddable":true,"href":"https:\/\/archive.sana.sy\/tr\/index.php?rest_route=\/wp\/v2\/users\/36"}],"replies":[{"embeddable":true,"href":"https:\/\/archive.sana.sy\/tr\/index.php?rest_route=%2Fwp%2Fv2%2Fcomments&post=249847"}],"version-history":[{"count":0,"href":"https:\/\/archive.sana.sy\/tr\/index.php?rest_route=\/wp\/v2\/posts\/249847\/revisions"}],"wp:featuredmedia":[{"embeddable":true,"href":"https:\/\/archive.sana.sy\/tr\/index.php?rest_route=\/wp\/v2\/media\/249848"}],"wp:attachment":[{"href":"https:\/\/archive.sana.sy\/tr\/index.php?rest_route=%2Fwp%2Fv2%2Fmedia&parent=249847"}],"wp:term":[{"taxonomy":"category","embeddable":true,"href":"https:\/\/archive.sana.sy\/tr\/index.php?rest_route=%2Fwp%2Fv2%2Fcategories&post=249847"},{"taxonomy":"post_tag","embeddable":true,"href":"https:\/\/archive.sana.sy\/tr\/index.php?rest_route=%2Fwp%2Fv2%2Ftags&post=249847"}],"curies":[{"name":"wp","href":"https:\/\/api.w.org\/{rel}","templated":true}]}}